{"id":1832,"date":"2023-02-10T15:34:39","date_gmt":"2023-02-10T15:34:39","guid":{"rendered":"https:\/\/riafpi.org\/?p=1832"},"modified":"2023-02-10T19:05:26","modified_gmt":"2023-02-10T19:05:26","slug":"paris-accueille-la-deuxieme-conference-annuelle-du-riafpi-ce-06-juin-2017","status":"publish","type":"post","link":"https:\/\/riafpi.org\/?p=1832","title":{"rendered":"Paris accueille la Deuxi\u00e8me Conf\u00e9rence Annuelle du RIAFPI ce 06 juin 2017"},"content":{"rendered":"\n<p class=\"has-kubio-color-6-color has-text-color\">Ce 06 juin 2017, les membres du RIAFPI ont tenu la deuxi\u00e8me Conf\u00e9rence Annuelle du R\u00e9seau. Paris accueille l&rsquo;\u00e9v\u00e9nement dans les locaux de l&rsquo;Organisation Internationale de la Francophonie (OIF). Retour sur cette rencontre marqu\u00e9e par la pr\u00e9sence  de Mme Micha\u00eblle Jean, Secr\u00e9taire G\u00e9n\u00e9rale de la Francophonie.<br><\/p>\n\n\n\n\n\n<h2 class=\"wp-block-heading\">Deuxi\u00e8me Conf\u00e9rence Annuelle du RIAFPI<\/h2>\n\n\n\n<h3 class=\"wp-block-heading\">La Francophonie \u00e9conomique au coeur des r\u00e9flexions <\/h3>\n\n\n\n<p class=\"has-kubio-color-6-color has-text-color\">La deuxi\u00e8me Conf\u00e9rence Annuelle du RIAFPI a pour th\u00e8me \u00ab\u00a0Les APIs face aux enjeux du d\u00e9veloppement durable dans le monde \u00e9conomique francophone\u00a0\u00bb. C&rsquo;est donc un symbole fort que la Conf\u00e9rence Annuelle se d\u00e9roule au si\u00e8ge de l&rsquo;OIF. A cet effet, cet \u00e9v\u00e8nement s&rsquo;est marqu\u00e9 par une c\u00e9r\u00e9monie d\u2019ouverture avec la pr\u00e9sence de la Secr\u00e9taire G\u00e9n\u00e9rale de la Francophonie. Par la suite, la conf\u00e9rence inaugurale et des panels th\u00e9matiques se sont tenus. Les diff\u00e9rents \u00e9changes ont men\u00e9s \u00e0 diff\u00e9rentes recommandations. On citera notamment la mise en place d\u2019incubateurs pour accompagner les entrepreneurs de l\u2019espace francophone en vue de favoriser la cr\u00e9ation des richesses et d\u2019emplois durables. Par ailleurs, 130 personnalit\u00e9s dont les  dirigeants des APIs, des institutions internationales et repr\u00e9sentations diplomatiques et des chefs d\u2019entreprises ont pris part \u00e0 l&rsquo;activit\u00e9.<\/p>\n\n\n\nngg_shortcode_0_placeholder\n\n\n\n<h3 class=\"wp-block-heading\">D\u00e9velopper des relations gagnant-gagnant <\/h3>\n\n\n\n<p class=\"has-kubio-color-6-color has-text-color\">Cette deuxi\u00e8me conf\u00e9rence annuelle s&rsquo;inscrit dans la continuit\u00e9 des engagements pris par le RIAFPI en mars 2016. En effet, les pays francophones repr\u00e9sentent que 15% des flux mondiaux d\u2019investissements directs \u00e9trangers (IDE). Ainsi, mettre l&rsquo;accent sur le d\u00e9veloppement des relations et la cr\u00e9ation d&rsquo;un environnement des affaires s\u00e9curis\u00e9e sont n\u00e9cessaires voir prioritaires pour renforcer les \u00e9changes \u00e9conomiques. <\/p>\n\n\n\n<p class=\"has-kubio-color-6-color has-text-color\"><\/p>\n","protected":false},"excerpt":{"rendered":"<p>Ce 06 juin 2017, les membres du RIAFPI ont tenu la deuxi\u00e8me Conf\u00e9rence Annuelle du R\u00e9seau. Paris accueille l&rsquo;\u00e9v\u00e9nement dans les locaux de l&rsquo;Organisation Internationale de la Francophonie (OIF). Retour sur cette rencontre marqu\u00e9e par la pr\u00e9sence de Mme Micha\u00eblle Jean, Secr\u00e9taire G\u00e9n\u00e9rale de la Francophonie. Deuxi\u00e8me Conf\u00e9rence Annuelle du RIAFPI La Francophonie \u00e9conomique au coeur des r\u00e9flexions La deuxi\u00e8me &hellip; <\/p>\n","protected":false},"author":1,"featured_media":1854,"comment_status":"closed","ping_status":"closed","sticky":false,"template":"","format":"standard","meta":{"saved_in_kubio":false,"give_campaign_id":0,"ngg_post_thumbnail":0,"_jetpack_memberships_contains_paid_content":false,"footnotes":""},"categories":[6,9],"tags":[77,87,79,80,28,81,86],"class_list":["post-1832","post","type-post","status-publish","format-standard","has-post-thumbnail","hentry","category-a-la-une","category-activites-statutaires","tag-deuxieme-conference-annuelle-du-riafpi","tag-france","tag-mme-michaelle-jean","tag-mme-michaelle-jean-secretaire-generale-de-la-francophonie","tag-oif","tag-organisation-internationale-de-la-francophonie","tag-paris"],"jetpack_featured_media_url":"https:\/\/riafpi.org\/wp-content\/uploads\/2023\/02\/deuxieme-conference-annuelle-du-riafpi-06-juin-2017.jpeg","jetpack_sharing_enabled":true,"_links":{"self":[{"href":"https:\/\/riafpi.org\/index.php?rest_route=\/wp\/v2\/posts\/1832","targetHints":{"allow":["GET"]}}],"collection":[{"href":"https:\/\/riafpi.org\/index.php?rest_route=\/wp\/v2\/posts"}],"about":[{"href":"https:\/\/riafpi.org\/index.php?rest_route=\/wp\/v2\/types\/post"}],"author":[{"embeddable":true,"href":"https:\/\/riafpi.org\/index.php?rest_route=\/wp\/v2\/users\/1"}],"replies":[{"embeddable":true,"href":"https:\/\/riafpi.org\/index.php?rest_route=%2Fwp%2Fv2%2Fcomments&post=1832"}],"version-history":[{"count":2,"href":"https:\/\/riafpi.org\/index.php?rest_route=\/wp\/v2\/posts\/1832\/revisions"}],"predecessor-version":[{"id":1936,"href":"https:\/\/riafpi.org\/index.php?rest_route=\/wp\/v2\/posts\/1832\/revisions\/1936"}],"wp:featuredmedia":[{"embeddable":true,"href":"https:\/\/riafpi.org\/index.php?rest_route=\/wp\/v2\/media\/1854"}],"wp:attachment":[{"href":"https:\/\/riafpi.org\/index.php?rest_route=%2Fwp%2Fv2%2Fmedia&parent=1832"}],"wp:term":[{"taxonomy":"category","embeddable":true,"href":"https:\/\/riafpi.org\/index.php?rest_route=%2Fwp%2Fv2%2Fcategories&post=1832"},{"taxonomy":"post_tag","embeddable":true,"href":"https:\/\/riafpi.org\/index.php?rest_route=%2Fwp%2Fv2%2Ftags&post=1832"}],"curies":[{"name":"wp","href":"https:\/\/api.w.org\/{rel}","templated":true}]}}