{"id":1943,"date":"2023-02-20T20:26:19","date_gmt":"2023-02-20T20:26:19","guid":{"rendered":"https:\/\/riafpi.org\/?p=1943"},"modified":"2023-02-20T20:27:35","modified_gmt":"2023-02-20T20:27:35","slug":"cinquieme-conference-annuelle-du-riafpi-a-kinshasa-sur-la-valorisation-des-echanges-sud-sud","status":"publish","type":"post","link":"https:\/\/riafpi.org\/?p=1943","title":{"rendered":"Cinqui\u00e8me conf\u00e9rence annuelle du RIAFPI \u00e0 Kinshasa sur la valorisation des \u00e9changes Sud-Sud"},"content":{"rendered":"\n<p class=\"has-kubio-color-6-color has-text-color\">La cinqui\u00e8me conf\u00e9rence annuelle du RIAFPI se tient du 20 au 22 juin 2022. Lanc\u00e9e par Monsieur Christian Mwando Nsimba Kabulo, Ministre d\u2019Etat en charge du Plan, elle a pour th\u00e8me \u00ab\u00a0Optimisation des flux d\u2019investissements intra-pays au sein de l\u2019espace francophone, d\u00e9fis et strat\u00e9gies\u00a0\u00bb. <\/p>\n\n\n\n<figure class=\"wp-block-image size-large\"><img loading=\"lazy\" decoding=\"async\" width=\"1024\" height=\"608\" src=\"https:\/\/riafpi.org\/wp-content\/uploads\/2023\/02\/cinquieme-conference-annuelle-riafpi-kinshasa-2022-obedphotography-1-1024x608.jpeg\" alt=\"\" class=\"wp-image-1946\" srcset=\"https:\/\/riafpi.org\/wp-content\/uploads\/2023\/02\/cinquieme-conference-annuelle-riafpi-kinshasa-2022-obedphotography-1-1024x608.jpeg 1024w, https:\/\/riafpi.org\/wp-content\/uploads\/2023\/02\/cinquieme-conference-annuelle-riafpi-kinshasa-2022-obedphotography-1-300x178.jpeg 300w, https:\/\/riafpi.org\/wp-content\/uploads\/2023\/02\/cinquieme-conference-annuelle-riafpi-kinshasa-2022-obedphotography-1-768x456.jpeg 768w, https:\/\/riafpi.org\/wp-content\/uploads\/2023\/02\/cinquieme-conference-annuelle-riafpi-kinshasa-2022-obedphotography-1-1536x912.jpeg 1536w, https:\/\/riafpi.org\/wp-content\/uploads\/2023\/02\/cinquieme-conference-annuelle-riafpi-kinshasa-2022-obedphotography-1-2048x1215.jpeg 2048w, https:\/\/riafpi.org\/wp-content\/uploads\/2023\/02\/cinquieme-conference-annuelle-riafpi-kinshasa-2022-obedphotography-1-1820x1080.jpeg 1820w\" sizes=\"(max-width: 1024px) 100vw, 1024px\" \/><\/figure>\n\n\n\n<h2 class=\"wp-block-heading\">Cinqui\u00e8me conf\u00e9rence annuelle du RIAFPI<\/h2>\n\n\n\n<h3 class=\"wp-block-heading\">Offrir un espace s\u00e9curit\u00e9 pour les investisseurs <\/h3>\n\n\n\n<p class=\"has-kubio-color-6-color has-text-color\">Monsieur Christian Mwando Nsimba, Ministre d\u2019Etat en charge du Plan, a lanc\u00e9 ce 20 juin 2022, la 5<sup>\u00e8me<\/sup>&nbsp;Conf\u00e9rence annuelle du RIAFPI. Les travaux se d\u00e9roulent pendant deux jours, soit du 20 au 22 juin 2022, autour du th\u00e8me&nbsp;\u00ab\u00a0Optimisation des flux d\u2019investissements intra-pays au sein de l\u2019espace francophone, d\u00e9fis et strat\u00e9gies\u00a0\u00bb. L&rsquo;objectif de cette rencontre est de rendre l\u2019espace francophone plus attractif pour les investissements directs \u00e9trangers et cr\u00e9er un environnement s\u00e9curis\u00e9 pour les investisseurs.<\/p>\n\n\n\n<p class=\"has-kubio-color-6-color has-text-color\">Cette 5\u00e8me Conf\u00e9rence s&rsquo;articule en 3 sous-th\u00e8mes, \u00e0 savoir :&nbsp;<\/p>\n\n\n\n<ul class=\"has-kubio-color-6-color has-text-color wp-block-list\">\n<li>D\u00e9velopper au sein de l\u2019espace francophone des cha\u00eenes de valeur inclusives et durables ; <\/li>\n\n\n\n<li>Innovation et comp\u00e9titivit\u00e9 de l\u2019espace francophone \u00e0 l\u2019\u00e8re du num\u00e9rique. Quel r\u00f4le pour le syst\u00e8me financier ; <\/li>\n\n\n\n<li>Investissements intra-pays et croissance partag\u00e9e. Quelles solutions pour renforcer les \u00e9changes commerciaux entre les pays francophones.&nbsp;<\/li>\n<\/ul>\n\n\n\n<p class=\"has-kubio-color-6-color has-text-color\">Ces sous-th\u00e8mes, abord\u00e9s lors des diff\u00e9rents panels par des experts internationaux et nationaux, mettent en exergue la n\u00e9cessit\u00e9 de l\u2019espace francophone \u00e0 s\u2019adapter aux r\u00e9alit\u00e9s de l\u2019\u00e9conomie moderne, caract\u00e9ris\u00e9es, notamment par la mont\u00e9e en puissance du num\u00e9rique.<\/p>\n\n\n\n<p class=\"has-kubio-color-6-color has-text-color\">En marge de la conf\u00e9rence annuelle, une formation en faveur des cadres et agents des APIs des pays membres se tiendront sur les \u00ab techniques de n\u00e9gociation en mati\u00e8re des investissements \u00bb.<\/p>\n\n\n\n<h3 class=\"wp-block-heading\">Am\u00e9liorer le climat des affaires des espaces \u00e9conomiques respectifs<\/h3>\n\n\n\n<p class=\"has-kubio-color-6-color has-text-color\">Le Pr\u00e9sident du RIAFPI, Monsieur ESSIS Esmel Emmanuel a rappel\u00e9 que l\u2019id\u00e9e de cr\u00e9er un r\u00e9seau d\u00e9di\u00e9 \u00e0 la francophonie, est n\u00e9e de la n\u00e9cessit\u00e9 d\u2019\u00e9tablir une chaine de solidarit\u00e9 entre les APIs ayant en commun la langue fran\u00e7aise. Ainsi, ce r\u00e9seau constitue une plate-forme de partage des exp\u00e9riences, en vue d\u2019augmenter la capacit\u00e9 d\u2019attraction des investissements directs \u00e9trangers, en faveur du rel\u00e8vement du poids des pays francophones dans l\u2019\u00e9conomie mondiale.<\/p>\n\n\n\n<p class=\"has-kubio-color-6-color has-text-color\">Par ailleurs, il insiste sur l\u2019imp\u00e9rieuse n\u00e9cessit\u00e9 pour les APIs de relever le grand d\u00e9fi de l\u2019am\u00e9lioration du climat des affaires des espaces \u00e9conomiques respectifs.&nbsp; A cet effet, il dit : \u00ab\u00a0<em>En rapport avec l\u2019entr\u00e9e en vigueur de la Zone de libre \u00e9change continentale africaine (ZLECAF),&nbsp; il est important que les Agences de promotion des investissements fassent le plaidoyer pour l\u2019harmonisation des politiques et normes de facilitation des affaires entre les Etats<\/em>\u00ab\u00a0.<\/p>\n\n\n\nngg_shortcode_0_placeholder\n\n\n\n<h3 class=\"wp-block-heading\">Privil\u00e9gier le d\u00e9veloppement des initiatives singuli\u00e8res \u00e0 la promotion des atouts de l\u2019espace francophone<\/h3>\n\n\n\n<p class=\"has-kubio-color-6-color has-text-color\">L&rsquo;Agence Nationale pour la Promotion des Investissements (ANAPI &#8211; GABON) organise cette cinqui\u00e8me conf\u00e9rence annuelle. Monsieur Anthony NKINZO KAMOLE, Directeur G\u00e9n\u00e9ral de l&rsquo;ANAPI Gabon, indique qu&rsquo;il est n\u00e9cessaire de privil\u00e9gier le d\u00e9veloppement des initiatives singuli\u00e8res \u00e0 la promotion des atouts de l&rsquo;espace francophone. A cet effet, il rappelle qu&rsquo;il importe de d\u00e9passer les fronti\u00e8res pour entrer dans des strat\u00e9gies d\u2019alliance entre les diff\u00e9rents pays. Une telle strat\u00e9gie permettra ainsi d&rsquo;agir ensemble \u00e0 limiter les exclusions de toutes sortes et \u00e0 rechercher des logiques de coop\u00e9ration bas\u00e9es sur des vrais enjeux partag\u00e9s entre Etats.<\/p>\n\n\n\n<p class=\"has-kubio-color-6-color has-text-color\">On comprend donc que l\u2019objectif est de d\u00e9finir des nouveaux axes d\u2019actions et de permettre \u00e0 l\u2019espace francophone d\u2019attirer davantage des capitaux priv\u00e9s \u00e9trangers indispensables au financement des investissements. A terme, une telle strat\u00e9gie apportera une croissance saine et durable des \u00e9conomies&nbsp;des pays membres.<\/p>\n\n\n\n<p class=\"has-kubio-color-6-color has-text-color\">En conclusion, cr\u00e9er dans la dynamique du renforcement de la Francophonie \u00e9conomique, le RIAFPI est une plateforme d\u2019\u00e9changes de meilleures pratiques en mati\u00e8re de promotion des investissements. Ainsi, il est un cadre de renforcement des capacit\u00e9s de ses membres et offre l\u2019opportunit\u00e9 de la promotion des investissements dans l\u2019espace francophone.<\/p>\n","protected":false},"excerpt":{"rendered":"<p>\u00a0La cinqui\u00e8me conf\u00e9rence annuelle du RIAFPI se tient du 20 au 22 juin 2022. Lanc\u00e9e par Monsieur Christian Mwando Nsimba Kabulo, Ministre d\u2019Etat en charge du Plan, elle a pour th\u00e8me \u00ab\u00a0Optimisation des flux d\u2019investissements intra-pays au sein de l\u2019espace francophone, d\u00e9fis et strat\u00e9gies\u00a0\u00bb. <\/p>\n","protected":false},"author":1,"featured_media":1946,"comment_status":"closed","ping_status":"closed","sticky":false,"template":"","format":"standard","meta":{"saved_in_kubio":false,"give_campaign_id":0,"ngg_post_thumbnail":0,"_jetpack_memberships_contains_paid_content":false,"footnotes":""},"categories":[6,7,9],"tags":[17,20,94,96,97,29],"class_list":["post-1943","post","type-post","status-publish","format-standard","has-post-thumbnail","hentry","category-a-la-une","category-activites-administratives","category-activites-statutaires","tag-assemblee-generale-extraordinaire","tag-conference-annuelle","tag-conference-annuelle-riafpi-2022","tag-kinshasa","tag-republique-democratique-du-congo","tag-riafpi"],"jetpack_featured_media_url":"https:\/\/riafpi.org\/wp-content\/uploads\/2023\/02\/cinquieme-conference-annuelle-riafpi-kinshasa-2022-obedphotography-1-scaled.jpeg","jetpack_sharing_enabled":true,"_links":{"self":[{"href":"https:\/\/riafpi.org\/index.php?rest_route=\/wp\/v2\/posts\/1943","targetHints":{"allow":["GET"]}}],"collection":[{"href":"https:\/\/riafpi.org\/index.php?rest_route=\/wp\/v2\/posts"}],"about":[{"href":"https:\/\/riafpi.org\/index.php?rest_route=\/wp\/v2\/types\/post"}],"author":[{"embeddable":true,"href":"https:\/\/riafpi.org\/index.php?rest_route=\/wp\/v2\/users\/1"}],"replies":[{"embeddable":true,"href":"https:\/\/riafpi.org\/index.php?rest_route=%2Fwp%2Fv2%2Fcomments&post=1943"}],"version-history":[{"count":3,"href":"https:\/\/riafpi.org\/index.php?rest_route=\/wp\/v2\/posts\/1943\/revisions"}],"predecessor-version":[{"id":2210,"href":"https:\/\/riafpi.org\/index.php?rest_route=\/wp\/v2\/posts\/1943\/revisions\/2210"}],"wp:featuredmedia":[{"embeddable":true,"href":"https:\/\/riafpi.org\/index.php?rest_route=\/wp\/v2\/media\/1946"}],"wp:attachment":[{"href":"https:\/\/riafpi.org\/index.php?rest_route=%2Fwp%2Fv2%2Fmedia&parent=1943"}],"wp:term":[{"taxonomy":"category","embeddable":true,"href":"https:\/\/riafpi.org\/index.php?rest_route=%2Fwp%2Fv2%2Fcategories&post=1943"},{"taxonomy":"post_tag","embeddable":true,"href":"https:\/\/riafpi.org\/index.php?rest_route=%2Fwp%2Fv2%2Ftags&post=1943"}],"curies":[{"name":"wp","href":"https:\/\/api.w.org\/{rel}","templated":true}]}}