{"id":2209,"date":"2023-02-20T20:58:02","date_gmt":"2023-02-20T20:58:02","guid":{"rendered":"https:\/\/riafpi.org\/?p=2209"},"modified":"2023-02-20T21:02:05","modified_gmt":"2023-02-20T21:02:05","slug":"ceremonie-de-passation-de-charge-suite-a-lelection-du-nouveau-president-du-riafpi","status":"publish","type":"post","link":"https:\/\/riafpi.org\/?p=2209","title":{"rendered":"C\u00e9r\u00e9monie de passation de charge suite \u00e0 l&rsquo;\u00e9lection du nouveau Pr\u00e9sident du RIAFPI"},"content":{"rendered":"\n<p class=\"has-kubio-color-6-color has-text-color\">Anthony Nkinzo Kamole prend les r\u00eanes du R\u00e9seau International des Agences francophones de Promotion des Investissements (RIAFPI) ce 2 ao\u00fbt 2022. <\/p>\n\n\n\n<h2 class=\"wp-block-heading\">Election du nouveau Pr\u00e9sident du RIAFPI<\/h2>\n\n\n\n<h3 class=\"wp-block-heading\">Anthony NKINZO KAMOLE \u00e9lu nouveau Pr\u00e9sident du RIAFPI<\/h3>\n\n\n\n<p class=\"has-kubio-color-6-color has-text-color\">Le Directeur G\u00e9n\u00e9ral de l\u2019Agence Nationale pour la Promotion des Investissements (ANAPI) de la R\u00e9publique D\u00e9mocratique du Congo, Monsieur Anthony NKINZO KAMOLE a pris officiellement ses fonctions de Pr\u00e9sident du RIAFPI. La c\u00e9r\u00e9monie de passation de charges s&rsquo;est tenue en pr\u00e9sence de Monsieur Essis Esmel Emmanuel, Pr\u00e9sident sortant, le 02 ao\u00fbt 2022 \u00e0 l\u2019H\u00f4tel TIAMA \u00e0 Abidjan Plateau, en C\u00f4te d\u2019Ivoire.<\/p>\n\n\n\n<p class=\"has-kubio-color-6-color has-text-color\">En effet, Monsieur Anthony NKINZO KAMOLE a \u00e9t\u00e9 \u00e9lu \u00e0 l\u2019unanimit\u00e9 Pr\u00e9sident du RIAFPI, \u00e0 la faveur de la 4\u00e8me Assembl\u00e9e G\u00e9n\u00e9rale du R\u00e9seau, tenue \u00e0 Kinshasa (RDC), le 20 juin 2022. Dans la foul\u00e9e de son \u00e9lection, le Pr\u00e9sident entrant du RIAFPI a d\u00e9sign\u00e9 \u00e0 la vice-pr\u00e9sidence du r\u00e9seau, respectivement : l\u2019ANPI-Gabon, Business France et l\u2019ANPI-Comores.<\/p>\n\n\n\nngg_shortcode_0_placeholder\n\n\n\n<h3 class=\"wp-block-heading\">Un mandat de 5 ans ambitieux<\/h3>\n\n\n\n<p class=\"has-kubio-color-6-color has-text-color\">Prenant la parole, Monsieur Anthony NKINZO a d\u2019abord remerci\u00e9 ses pairs pour la confiance plac\u00e9e en sa personne, avant d\u2019adresser un mot de remerciement au nom de tous les membres du RIAFPI \u00e0 l\u2019endroit de Monsieur Emmanuel ESSIS, Pr\u00e9sident sortant, qui a su, avec abn\u00e9gation, poser les bases du d\u00e9veloppement de ce r\u00e9seau.<\/p>\n\n\n\n<p class=\"has-kubio-color-6-color has-text-color\">Le nouveau Pr\u00e9sident du RIAFPI a ensuite d\u00e9clin\u00e9 les axes majeurs de son mandat, \u00e0 savoir : <\/p>\n\n\n\n<ul class=\"has-kubio-color-6-color has-text-color wp-block-list\">\n<li>Poursuivre les r\u00e9flexions initi\u00e9es par son pr\u00e9d\u00e9cesseur pour avoir un Fonds de garantie pour le RIAFPI ; <\/li>\n\n\n\n<li>Cr\u00e9er une \u00e9cole d\u2019excellence pour le r\u00e9seau qui serait le creuset des API en mati\u00e8re de techniques de promotion d\u2019investissement. Une \u00e9cole d\u2019excellence de r\u00e9f\u00e9rence pour les jeunes sur les questions d\u2019entrepreneuriat, de Management et surtout des m\u00e9tiers qui permettront une \u00e9closion de nos \u00e9conomies respectives ; <\/li>\n\n\n\n<li>Accroitre la visibilit\u00e9 et la notori\u00e9t\u00e9 du RIAFPI aupr\u00e8s des gouvernements et des organisations internationales, y compris l\u2019OIF ; renforcer l\u2019impact, le positionnement du r\u00e9seau dans l\u2019\u00e9cosyst\u00e8me \u00e9conomique de l\u2019espace francophone, notamment en multipliant les opportunit\u00e9s de d\u00e9veloppement de cha\u00eenes de valeurs entre les pays membres ; <\/li>\n\n\n\n<li>Travailler \u00e0 la cr\u00e9ation d\u2019un label propre aux pays membres du RIAFPI;<\/li>\n\n\n\n<li>Et en bonne intelligence avec les autorit\u00e9s comp\u00e9tentes de chaque pays membre, r\u00e9fl\u00e9chir aux meilleurs moyens de simplifier la circulation des biens et des personnes au sein du r\u00e9seau, notamment en supprimant les visas pour les ressortissants des pays membres du RIAFPI.<\/li>\n<\/ul>\n\n\n\n<p class=\"has-kubio-color-6-color has-text-color\">\u00ab\u00a0Des d\u00e9fis existent, les lois nationales \u00e9galement. Les ambitions de chaque agence sont l\u00e9gitimes. Cependant, dans ce monde qui tend davantage vers la globalisation, l\u2019unit\u00e9, la solidarit\u00e9 et une vision commune feront notre force pour esp\u00e9rer \u00e9merger et influencer les autres espaces \u00e9conomiques\u00a0\u00bb a conclu Anthony NKINZO, le Pr\u00e9sident du RIAFPI.<\/p>\n","protected":false},"excerpt":{"rendered":"<p>Anthony Nkinzo Kamole prend les r\u00eanes du R\u00e9seau International des Agences francophones de Promotion des Investissements (RIAFPI) ce 2 ao\u00fbt 2022. <\/p>\n","protected":false},"author":1,"featured_media":2212,"comment_status":"closed","ping_status":"closed","sticky":false,"template":"","format":"standard","meta":{"saved_in_kubio":false,"give_campaign_id":0,"ngg_post_thumbnail":0,"_jetpack_memberships_contains_paid_content":false,"footnotes":""},"categories":[6,9],"tags":[101,18,23,102,29],"class_list":["post-2209","post","type-post","status-publish","format-standard","has-post-thumbnail","hentry","category-a-la-une","category-activites-statutaires","tag-anapi-rdc","tag-cepici","tag-cote-divoire","tag-passation-de-charge","tag-riafpi"],"jetpack_featured_media_url":"https:\/\/riafpi.org\/wp-content\/uploads\/2023\/02\/passation-de-charge-riafpi-aout-2022-8.jpeg","jetpack_sharing_enabled":true,"_links":{"self":[{"href":"https:\/\/riafpi.org\/index.php?rest_route=\/wp\/v2\/posts\/2209","targetHints":{"allow":["GET"]}}],"collection":[{"href":"https:\/\/riafpi.org\/index.php?rest_route=\/wp\/v2\/posts"}],"about":[{"href":"https:\/\/riafpi.org\/index.php?rest_route=\/wp\/v2\/types\/post"}],"author":[{"embeddable":true,"href":"https:\/\/riafpi.org\/index.php?rest_route=\/wp\/v2\/users\/1"}],"replies":[{"embeddable":true,"href":"https:\/\/riafpi.org\/index.php?rest_route=%2Fwp%2Fv2%2Fcomments&post=2209"}],"version-history":[{"count":2,"href":"https:\/\/riafpi.org\/index.php?rest_route=\/wp\/v2\/posts\/2209\/revisions"}],"predecessor-version":[{"id":2231,"href":"https:\/\/riafpi.org\/index.php?rest_route=\/wp\/v2\/posts\/2209\/revisions\/2231"}],"wp:featuredmedia":[{"embeddable":true,"href":"https:\/\/riafpi.org\/index.php?rest_route=\/wp\/v2\/media\/2212"}],"wp:attachment":[{"href":"https:\/\/riafpi.org\/index.php?rest_route=%2Fwp%2Fv2%2Fmedia&parent=2209"}],"wp:term":[{"taxonomy":"category","embeddable":true,"href":"https:\/\/riafpi.org\/index.php?rest_route=%2Fwp%2Fv2%2Fcategories&post=2209"},{"taxonomy":"post_tag","embeddable":true,"href":"https:\/\/riafpi.org\/index.php?rest_route=%2Fwp%2Fv2%2Ftags&post=2209"}],"curies":[{"name":"wp","href":"https:\/\/api.w.org\/{rel}","templated":true}]}}