{"id":2211,"date":"2023-02-20T21:24:57","date_gmt":"2023-02-20T21:24:57","guid":{"rendered":"https:\/\/riafpi.org\/?p=2211"},"modified":"2023-02-20T21:24:57","modified_gmt":"2023-02-20T21:24:57","slug":"rencontre-avec-la-ministre-de-la-culture-et-de-la-francophonie-de-cote-divoire","status":"publish","type":"post","link":"https:\/\/riafpi.org\/?p=2211","title":{"rendered":"Rencontre avec la Ministre de la Culture et de la Francophonie de C\u00f4te d&rsquo;Ivoire"},"content":{"rendered":"\n<p class=\"has-kubio-color-6-color has-text-color\">En marge de la c\u00e9r\u00e9monie de passation de charge entre le Pr\u00e9sident sortant et entrant, les membres du RIAFPI ont \u00e9t\u00e9 re\u00e7u par la Ministre de la Culture et de la Francophonie.<\/p>\n\n\n\n\n\n<h2 class=\"wp-block-heading\">Le RIAFPI rencontre le Minist\u00e8re de la Culture et de la Francophonie de C\u00f4te d&rsquo;Ivoire<\/h2>\n\n\n\n<p class=\"has-kubio-color-6-color has-text-color\">Le 02 ao\u00fbt 2022 \u00e0 l\u2019H\u00f4tel TIAMA \u00e0 Abidjan Plateau, en C\u00f4te d\u2019Ivoire, le Pr\u00e9sident sortant du RIAFPI a proc\u00e9d\u00e9  \u00e0 la passation de charge avec le Pr\u00e9sident entrant. <\/p>\n\n\n\n<p class=\"has-kubio-color-6-color has-text-color\">Le Directeur G\u00e9n\u00e9ral de l\u2019Agence Nationale pour la Promotion des Investissements (ANAPI) de la R\u00e9publique D\u00e9mocratique du Congo, Monsieur Anthony Nkinzo Kamole a pris officiellement ses fonctions de Pr\u00e9sident du RIAFPI. La c\u00e9r\u00e9monie de passation de charges s\u2019est tenue en pr\u00e9sence de Monsieur Essis Esmel Emmanuel, Pr\u00e9sident sortant. <\/p>\n\n\n\n<p class=\"has-kubio-color-6-color has-text-color\">En marge de cette activit\u00e9, la d\u00e9l\u00e9gation du RIAFPI a \u00e9t\u00e9 re\u00e7ue par Madame Fran\u00e7oise Remarck, Ministre de la Culture et de la Francophonie de C\u00f4te d&rsquo;Ivoire. Cette rencontre a \u00e9t\u00e9 l&rsquo;occasion de pr\u00e9senter les missions du RIAFPI et d&rsquo;\u00e9changer sur les axes collaboratifs li\u00e9s \u00e0 la Francophonie \u00e9conomique.<\/p>\n","protected":false},"excerpt":{"rendered":"<p>En marge de la c\u00e9r\u00e9monie de passation de charge entre le Pr\u00e9sident sortant et entrant, les membres du RIAFPI ont \u00e9t\u00e9 re\u00e7u par la Ministre de la Culture et de la Francophonie. Le RIAFPI rencontre le Minist\u00e8re de la Culture et de la Francophonie de C\u00f4te d&rsquo;Ivoire Le 02 ao\u00fbt 2022 \u00e0 l\u2019H\u00f4tel TIAMA \u00e0 Abidjan Plateau, en C\u00f4te d\u2019Ivoire, &hellip; <\/p>\n","protected":false},"author":1,"featured_media":2228,"comment_status":"open","ping_status":"open","sticky":false,"template":"","format":"standard","meta":{"saved_in_kubio":false,"give_campaign_id":0,"ngg_post_thumbnail":0,"_jetpack_memberships_contains_paid_content":false,"footnotes":""},"categories":[6,8],"tags":[23,103,29],"class_list":["post-2211","post","type-post","status-publish","format-standard","has-post-thumbnail","hentry","category-a-la-une","category-activites-de-visibilite-et-plaidoyer","tag-cote-divoire","tag-encontre-le-ministere-de-la-culture-et-de-la-francophonie-de-cote-divoire","tag-riafpi"],"jetpack_featured_media_url":"https:\/\/riafpi.org\/wp-content\/uploads\/2023\/02\/rencontre-avec-la-ministre-de-la-culture-et-de-la-francophonie-de-cote-divoire-2.jpeg","jetpack_sharing_enabled":true,"_links":{"self":[{"href":"https:\/\/riafpi.org\/index.php?rest_route=\/wp\/v2\/posts\/2211","targetHints":{"allow":["GET"]}}],"collection":[{"href":"https:\/\/riafpi.org\/index.php?rest_route=\/wp\/v2\/posts"}],"about":[{"href":"https:\/\/riafpi.org\/index.php?rest_route=\/wp\/v2\/types\/post"}],"author":[{"embeddable":true,"href":"https:\/\/riafpi.org\/index.php?rest_route=\/wp\/v2\/users\/1"}],"replies":[{"embeddable":true,"href":"https:\/\/riafpi.org\/index.php?rest_route=%2Fwp%2Fv2%2Fcomments&post=2211"}],"version-history":[{"count":3,"href":"https:\/\/riafpi.org\/index.php?rest_route=\/wp\/v2\/posts\/2211\/revisions"}],"predecessor-version":[{"id":2235,"href":"https:\/\/riafpi.org\/index.php?rest_route=\/wp\/v2\/posts\/2211\/revisions\/2235"}],"wp:featuredmedia":[{"embeddable":true,"href":"https:\/\/riafpi.org\/index.php?rest_route=\/wp\/v2\/media\/2228"}],"wp:attachment":[{"href":"https:\/\/riafpi.org\/index.php?rest_route=%2Fwp%2Fv2%2Fmedia&parent=2211"}],"wp:term":[{"taxonomy":"category","embeddable":true,"href":"https:\/\/riafpi.org\/index.php?rest_route=%2Fwp%2Fv2%2Fcategories&post=2211"},{"taxonomy":"post_tag","embeddable":true,"href":"https:\/\/riafpi.org\/index.php?rest_route=%2Fwp%2Fv2%2Ftags&post=2211"}],"curies":[{"name":"wp","href":"https:\/\/api.w.org\/{rel}","templated":true}]}}