{"id":2236,"date":"2023-02-20T21:32:22","date_gmt":"2023-02-20T21:32:22","guid":{"rendered":"https:\/\/riafpi.org\/?p=2236"},"modified":"2023-02-20T21:32:44","modified_gmt":"2023-02-20T21:32:44","slug":"rencontre-avec-le-directeur-general-de-visa-afrique-de-louest","status":"publish","type":"post","link":"https:\/\/riafpi.org\/?p=2236","title":{"rendered":"Rencontre avec le Directeur G\u00e9n\u00e9ral de Visa Afrique de l&rsquo;Ouest"},"content":{"rendered":"\n<p class=\"has-kubio-color-6-color has-text-color\">En marge de la c\u00e9r\u00e9monie de passation de charge entre le Pr\u00e9sident sortant et entrant, les membres du RIAFPI ont \u00e9t\u00e9 re\u00e7u par le Directeur G\u00e9n\u00e9ral de Visa Afrique de l&rsquo;Ouest. <\/p>\n\n\n\n\n\n<h2 class=\"wp-block-heading\">Le RIAFPI rencontre le Directeur G\u00e9n\u00e9ral du Groupe Visa Afrique l&rsquo;Ouest <\/h2>\n\n\n\n<p class=\"has-kubio-color-6-color has-text-color\">Le 02 ao\u00fbt 2022 \u00e0 l\u2019H\u00f4tel TIAMA \u00e0 Abidjan Plateau, en C\u00f4te d\u2019Ivoire, le Pr\u00e9sident sortant du RIAFPI a proc\u00e9d\u00e9  \u00e0 la passation de charge avec le Pr\u00e9sident entrant. <\/p>\n\n\n\n<p class=\"has-kubio-color-6-color has-text-color\">Le Directeur G\u00e9n\u00e9ral de l\u2019Agence Nationale pour la Promotion des Investissements (ANAPI) de la R\u00e9publique D\u00e9mocratique du Congo, Monsieur Anthony Nkinzo Kamole a pris officiellement ses fonctions de Pr\u00e9sident du RIAFPI. La c\u00e9r\u00e9monie de passation de charges s\u2019est tenue en pr\u00e9sence de Monsieur Essis Esmel Emmanuel, Pr\u00e9sident sortant. <\/p>\n\n\n\n<p class=\"has-kubio-color-6-color has-text-color\">En marge de cette activit\u00e9, la d\u00e9l\u00e9gation du RIAFPI a \u00e9t\u00e9 re\u00e7ue par Monsieur Ismahill Diaby, Directeur G\u00e9n\u00e9ral du Groupe Visa Afrique de l&rsquo;Ouest. La rencontre a port\u00e9 sur les perspectives de collaboration que  le Groupe Visa Afrique de l&rsquo;Ouest pourrait apporter au r\u00e9seau en vue d&rsquo;accompagner notamment sa transformation digitale..<\/p>\n","protected":false},"excerpt":{"rendered":"<p>En marge de la c\u00e9r\u00e9monie de passation de charge entre le Pr\u00e9sident sortant et entrant, les membres du RIAFPI ont \u00e9t\u00e9 re\u00e7u par le Directeur G\u00e9n\u00e9ral de Visa Afrique de l&rsquo;Ouest. Le RIAFPI rencontre le Directeur G\u00e9n\u00e9ral du Groupe Visa Afrique l&rsquo;Ouest Le 02 ao\u00fbt 2022 \u00e0 l\u2019H\u00f4tel TIAMA \u00e0 Abidjan Plateau, en C\u00f4te d\u2019Ivoire, le Pr\u00e9sident sortant du RIAFPI &hellip; <\/p>\n","protected":false},"author":1,"featured_media":2227,"comment_status":"closed","ping_status":"closed","sticky":false,"template":"","format":"standard","meta":{"saved_in_kubio":false,"give_campaign_id":0,"ngg_post_thumbnail":0,"_jetpack_memberships_contains_paid_content":false,"footnotes":""},"categories":[6,8],"tags":[23,104,29,105],"class_list":["post-2236","post","type-post","status-publish","format-standard","has-post-thumbnail","hentry","category-a-la-une","category-activites-de-visibilite-et-plaidoyer","tag-cote-divoire","tag-groupe-visa-afrique-de-louest","tag-riafpi","tag-visa-group"],"jetpack_featured_media_url":"https:\/\/riafpi.org\/wp-content\/uploads\/2023\/02\/rencontre-avec-le-dg-de-visa-afrique-de-ouest.jpeg","jetpack_sharing_enabled":true,"_links":{"self":[{"href":"https:\/\/riafpi.org\/index.php?rest_route=\/wp\/v2\/posts\/2236","targetHints":{"allow":["GET"]}}],"collection":[{"href":"https:\/\/riafpi.org\/index.php?rest_route=\/wp\/v2\/posts"}],"about":[{"href":"https:\/\/riafpi.org\/index.php?rest_route=\/wp\/v2\/types\/post"}],"author":[{"embeddable":true,"href":"https:\/\/riafpi.org\/index.php?rest_route=\/wp\/v2\/users\/1"}],"replies":[{"embeddable":true,"href":"https:\/\/riafpi.org\/index.php?rest_route=%2Fwp%2Fv2%2Fcomments&post=2236"}],"version-history":[{"count":1,"href":"https:\/\/riafpi.org\/index.php?rest_route=\/wp\/v2\/posts\/2236\/revisions"}],"predecessor-version":[{"id":2237,"href":"https:\/\/riafpi.org\/index.php?rest_route=\/wp\/v2\/posts\/2236\/revisions\/2237"}],"wp:featuredmedia":[{"embeddable":true,"href":"https:\/\/riafpi.org\/index.php?rest_route=\/wp\/v2\/media\/2227"}],"wp:attachment":[{"href":"https:\/\/riafpi.org\/index.php?rest_route=%2Fwp%2Fv2%2Fmedia&parent=2236"}],"wp:term":[{"taxonomy":"category","embeddable":true,"href":"https:\/\/riafpi.org\/index.php?rest_route=%2Fwp%2Fv2%2Fcategories&post=2236"},{"taxonomy":"post_tag","embeddable":true,"href":"https:\/\/riafpi.org\/index.php?rest_route=%2Fwp%2Fv2%2Ftags&post=2236"}],"curies":[{"name":"wp","href":"https:\/\/api.w.org\/{rel}","templated":true}]}}