{"id":2238,"date":"2023-02-20T21:51:28","date_gmt":"2023-02-20T21:51:28","guid":{"rendered":"https:\/\/riafpi.org\/?p=2238"},"modified":"2023-02-20T21:51:54","modified_gmt":"2023-02-20T21:51:54","slug":"le-riafpi-participe-a-la-rencontre-des-entrepreneurs-francophones","status":"publish","type":"post","link":"https:\/\/riafpi.org\/?p=2238","title":{"rendered":"Le RIAFPI participe \u00e0 la Rencontre des Entrepreneurs Francophones"},"content":{"rendered":"\n<p class=\"has-kubio-color-6-color has-text-color\">La Rencontre des Entrepreneurs Francophones se tient du 27 au 28 octobre 2022 \u00e0 Abidjan. Cette deuxi\u00e8me \u00e9dition est organis\u00e9e par l\u2019Alliance des Patronats Francophones en \u00e9troite collaboration avec la Conf\u00e9d\u00e9ration G\u00e9n\u00e9rale des Entreprises de C\u00f4te d\u2019Ivoire (CGECI).<\/p>\n\n\n\n\n\n<h2 class=\"wp-block-heading\">Les Rencontres des entrepreneurs francophones<\/h2>\n\n\n\n<h3 class=\"wp-block-heading\">Deuxi\u00e8me rassemblement de l&rsquo;entrepreneuriat francophones<\/h3>\n\n\n\n<p class=\"has-kubio-color-6-color has-text-color\">La deuxi\u00e8me \u00e9dition des rencontres des entrepreneurs francophones se tient les 27 et 28 octobre 2022 \u00e0 Abidjan. Cette \u00e9dition r\u00e9unit des d\u00e9l\u00e9gations  d&rsquo;entreprises de 27 pays qui composent l&rsquo;Alliance. Elle enregistre notamment la participation de 1200 chefs d&rsquo;entreprises ivoiriens , d\u00e9cideurs politiques, des institutionnels, des organisation internationales et des bailleurs de fonds. <\/p>\n\n\n\n<p class=\"has-kubio-color-6-color has-text-color\">Pendant deux jours, la REF a permis la tenue de conf\u00e9rences et tables \u2013 rondes en vue d&rsquo;apporter des r\u00e9ponses aux grands enjeux auxquels sont confront\u00e9s les entrepreneurs francophones. Par ailleurs, elle est l&rsquo;occasion de nouer de nouveaux r\u00e9seaux et liens \u00e9conomiques\u00a0 autour notamment de la libre circulation, de la facilitation des investissements, de la  transition \u00e9cologique et de la s\u00e9curit\u00e9 alimentaire.<\/p>\n\n\n\nngg_shortcode_0_placeholder\n\n\n\n<h3 class=\"wp-block-heading\">Le RIAFPI pr\u00e9sent au REF 2022<\/h3>\n\n\n\n<p class=\"has-kubio-color-6-color has-text-color\">Ce deuxi\u00e8me rassemblement est l\u2019occasion pour le RIAFPI de participer \u00e0 un des plus grands temps forts entrepreneuriaux francophones. C&rsquo;est aussi une fa\u00e7on pour le RIAFPI d\u2019\u00e9largir son r\u00e9seau d\u2019affaires au sein de la francophonie \u00e9conomique.<\/p>\n\n\n\n<p class=\"has-kubio-color-6-color has-text-color\">Un focus s&rsquo;est tenu sur l\u2019environnement d\u2019affaires en C\u00f4te d\u2019Ivoire\u00a0et les opportunit\u00e9s de d\u00e9veloppement sur place. Les membres du RIAFPI ont pu profiter de rencontres B2B et du r\u00e9seautage avec les acteurs du secteur priv\u00e9 francophone.<\/p>\n","protected":false},"excerpt":{"rendered":"<p>La Rencontre des Entrepreneurs Francophones se tient du 27 au 28 octobre 2022 \u00e0 Abidjan. Cette deuxi\u00e8me \u00e9dition est organis\u00e9e par l\u2019Alliance des Patronats Francophones en \u00e9troite collaboration avec la Conf\u00e9d\u00e9ration G\u00e9n\u00e9rale des Entreprises de C\u00f4te d\u2019Ivoire (CGECI).<\/p>\n","protected":false},"author":1,"featured_media":2126,"comment_status":"closed","ping_status":"closed","sticky":false,"template":"","format":"standard","meta":{"saved_in_kubio":false,"give_campaign_id":0,"ngg_post_thumbnail":0,"_jetpack_memberships_contains_paid_content":false,"footnotes":""},"categories":[6,8],"tags":[14,108,106,107],"class_list":["post-2238","post","type-post","status-publish","format-standard","has-post-thumbnail","hentry","category-a-la-une","category-activites-de-visibilite-et-plaidoyer","tag-abidjan","tag-ref","tag-ref-2022","tag-rencontre-des-entrepreneurs-francophones"],"jetpack_featured_media_url":"https:\/\/riafpi.org\/wp-content\/uploads\/2023\/02\/rencontre-des-entrepreneurs-francophones-27-et-28-octobre-2022-abidjan-5.jpeg","jetpack_sharing_enabled":true,"_links":{"self":[{"href":"https:\/\/riafpi.org\/index.php?rest_route=\/wp\/v2\/posts\/2238","targetHints":{"allow":["GET"]}}],"collection":[{"href":"https:\/\/riafpi.org\/index.php?rest_route=\/wp\/v2\/posts"}],"about":[{"href":"https:\/\/riafpi.org\/index.php?rest_route=\/wp\/v2\/types\/post"}],"author":[{"embeddable":true,"href":"https:\/\/riafpi.org\/index.php?rest_route=\/wp\/v2\/users\/1"}],"replies":[{"embeddable":true,"href":"https:\/\/riafpi.org\/index.php?rest_route=%2Fwp%2Fv2%2Fcomments&post=2238"}],"version-history":[{"count":1,"href":"https:\/\/riafpi.org\/index.php?rest_route=\/wp\/v2\/posts\/2238\/revisions"}],"predecessor-version":[{"id":2240,"href":"https:\/\/riafpi.org\/index.php?rest_route=\/wp\/v2\/posts\/2238\/revisions\/2240"}],"wp:featuredmedia":[{"embeddable":true,"href":"https:\/\/riafpi.org\/index.php?rest_route=\/wp\/v2\/media\/2126"}],"wp:attachment":[{"href":"https:\/\/riafpi.org\/index.php?rest_route=%2Fwp%2Fv2%2Fmedia&parent=2238"}],"wp:term":[{"taxonomy":"category","embeddable":true,"href":"https:\/\/riafpi.org\/index.php?rest_route=%2Fwp%2Fv2%2Fcategories&post=2238"},{"taxonomy":"post_tag","embeddable":true,"href":"https:\/\/riafpi.org\/index.php?rest_route=%2Fwp%2Fv2%2Ftags&post=2238"}],"curies":[{"name":"wp","href":"https:\/\/api.w.org\/{rel}","templated":true}]}}