{"id":2239,"date":"2023-02-20T22:25:41","date_gmt":"2023-02-20T22:25:41","guid":{"rendered":"https:\/\/riafpi.org\/?p=2239"},"modified":"2023-03-06T22:55:56","modified_gmt":"2023-03-06T22:55:56","slug":"le-riafpi-au-sommet-de-la-francophonie-a-djerba","status":"publish","type":"post","link":"https:\/\/riafpi.org\/?p=2239","title":{"rendered":"Le RIAFPI au Sommet de la Francophonie \u00e0 Djerba"},"content":{"rendered":"\n<p class=\"has-kubio-color-6-color has-text-color\">Du 19 au 20 novembre 2022, les Chefs d\u2019Etat et de gouvernement francophones sont r\u00e9unis \u00e0 Djerba pour le XVIIIe Sommet de la Francophonie. <\/p>\n\n\n\n\n\n<h2 class=\"wp-block-heading\">XVIIIe Sommet de la Francophonie \u00e0  Djerba<\/h2>\n\n\n\n<h3 class=\"has-kubio-color-6-color has-text-color wp-block-heading\">Des engagements forts pour renforcer  l&rsquo;espace francophone  <\/h3>\n\n\n\n<p class=\"has-kubio-color-6-color has-text-color\">Durant 2 jours, les Chefs d\u2019Etat et de gouvernement francophones ont notamment abord\u00e9 la question du num\u00e9rique comme vecteur de d\u00e9veloppement et de solidarit\u00e9  ou encore le r\u00f4le des femmes et des jeunes en tant que vecteurs de paix et acteurs de d\u00e9veloppement. <\/p>\n\n\n\n<p class=\"has-kubio-color-6-color has-text-color\">A l&rsquo;issue des \u00e9changes, plusieurs textes  normatifs ont \u00e9t\u00e9 adopt\u00e9s. Il s&rsquo;agit : <\/p>\n\n\n\n<ul class=\"has-kubio-color-6-color has-text-color wp-block-list\">\n<li>du \u00ab\u00a0<a href=\"https:\/\/www.francophonie.org\/sites\/default\/files\/2022-12\/sommet_xviii-cadre_strategique_2023_2030.pdf\">Cadre strat\u00e9gique 2023-2030<\/a>\u00a0\u00ab\u00a0: il fixe de nouveaux objectifs strat\u00e9giques pour une coop\u00e9ration multilat\u00e9rale francophone;\u00a0<\/li>\n\n\n\n<li>de la \u00ab\u00a0<a href=\"https:\/\/www.francophonie.org\/sites\/default\/files\/2022-12\/Sommet_xviii_Decla_Langue_francaise_Djerba_2022.pdf\">D\u00e9claration sur la langue fran\u00e7aise dans la diversit\u00e9 linguistique de la Francophonie<\/a>\u00a0\u00a0\u00bb :  les signataires s\u2019engagent \u00e0 promouvoir davantage l\u2019usage du fran\u00e7ais dans l\u2019espace francophone et au-del\u00e0;<\/li>\n\n\n\n<li>du \u00ab\u00a0<a href=\"https:\/\/www.francophonie.org\/sites\/default\/files\/2022-11\/sommet_xviii-reglement_adhesion_statut_2022.pdf\">R\u00e8glement relatif \u00e0 la proc\u00e9dure d\u2019adh\u00e9sion ou de modification de statut d\u2019un \u00c9tat ou gouvernement aupr\u00e8s de l\u2019OIF<\/a>\u00a0\u00bb : il ent\u00e9rine la r\u00e9flexion sur l\u2019identit\u00e9 et l\u2019appartenance \u00e0 la Francophonie ;<\/li>\n<\/ul>\n\n\n\n<p class=\"has-kubio-color-6-color has-text-color\">Deux textes politiques ont \u00e9t\u00e9 \u00e9labor\u00e9s pour marquer les \u00e9changes et la recherche de consensus entre les Etats et gouvernements de l\u2019OIF sur les grands enjeux mondiaux et les situations de crise dans l\u2019espace francophone\u00a0:\u00a0<\/p>\n\n\n\n<ul class=\"has-kubio-color-6-color has-text-color wp-block-list\">\n<li>la \u00ab\u00a0<a href=\"https:\/\/www.francophonie.org\/sites\/default\/files\/2022-11\/Sommet_xviii_Declaration_Djerba_2022.pdf\">D\u00e9claration de Djerba<\/a>\u00a0\u00bb\u00a0<\/li>\n\n\n\n<li>la <a href=\"https:\/\/www.francophonie.org\/sites\/default\/files\/2022-11\/Sommet_xviii_R%C3%A9solution%20crises_Djerba_2022.pdf\">\u00a0\u00bb\u00a0R\u00e9solution sur les situations de crise, de sortie de crise et de consolidation de la paix dans l\u2019espace francophone<\/a>\u00ab\u00a0<\/li>\n<\/ul>\n\n\n\n<h3 class=\"wp-block-heading\">Le RIAFPI pr\u00e9sent \u00e0 cet \u00e9v\u00e9nement majeur de la Francophonie Economique<\/h3>\n\n\n\n<p class=\"has-kubio-color-6-color has-text-color\">Le RIAFPI a pris part \u00e0 cet \u00e9v\u00e9nement majeur en vue de renforcer ses liens avec les acteurs de l&rsquo;espace francophone. A cet effet, la d\u00e9l\u00e9gation a pris part \u00e0 diverses rencontres se sont tenues. <\/p>\n\n\n\n<h4 class=\"has-kubio-color-6-color has-text-color wp-block-heading\">Participation au panel \u00ab\u00a0Pour une croissance partag\u00e9e dans l&rsquo;espace francophone\u00a0\u00bb<\/h4>\n\n\n\n<p>Le Pr\u00e9sident du RIAFPI a pris part, en qualit\u00e9 de mod\u00e9rateur, au panel intitul\u00e9 \u00ab\u00a0Pour une croissance partag\u00e9e dans l&rsquo;espace francophone\u00a0\u00bb. Ce panel visait \u00e0 identifier les enjeux et d\u00e9fis d&rsquo;une  croissance partag\u00e9e et inclusive entre les acteurs de l&rsquo;espace francophone.<\/p>\n\n\n\nngg_shortcode_0_placeholder\n\n\n\n<h4 class=\"wp-block-heading\">Le Village de la Francophonie<\/h4>\n\n\n\n<p class=\"has-kubio-color-6-color has-text-color\">En marge des rencontres, le Village de la Francophonie a accueilli \u00e0 Djerba des milliers de visiteurs dans les diff\u00e9rents stands des pays francophones. Les diff\u00e9rents pays membres ont pu pr\u00e9senter les enjeux de leurs \u00e9conomies autour de la coop\u00e9ration francophone, des parcours inspirants de jeunes francophones, des concerts, des projections de films, etc. \u00a0<\/p>\n\n\n\nngg_shortcode_1_placeholder\n\n\n\n<p class=\"has-kubio-color-6-color has-text-color\">Le prochain Sommet se tiendra en 2024, en France, pays d\u00e9sign\u00e9 pour accueillir le XIXe\u00a0Sommet de la Francophonie.<\/p>\n","protected":false},"excerpt":{"rendered":"<p>Du 19 au 20 novembre 2022, le RIAFPI a particip\u00e9 au XVIIIe Sommet de la Francophonie \u00e0 Djerba en Tunisie.<\/p>\n","protected":false},"author":1,"featured_media":2101,"comment_status":"closed","ping_status":"closed","sticky":false,"template":"","format":"standard","meta":{"saved_in_kubio":false,"give_campaign_id":0,"ngg_post_thumbnail":0,"_jetpack_memberships_contains_paid_content":false,"footnotes":""},"categories":[6,8],"tags":[],"class_list":["post-2239","post","type-post","status-publish","format-standard","has-post-thumbnail","hentry","category-a-la-une","category-activites-de-visibilite-et-plaidoyer"],"jetpack_featured_media_url":"https:\/\/riafpi.org\/wp-content\/uploads\/2023\/02\/sommet-de-la-francophonie-30-et-31-novembre-2022-djerba-tunisie-6.jpeg","jetpack_sharing_enabled":true,"_links":{"self":[{"href":"https:\/\/riafpi.org\/index.php?rest_route=\/wp\/v2\/posts\/2239","targetHints":{"allow":["GET"]}}],"collection":[{"href":"https:\/\/riafpi.org\/index.php?rest_route=\/wp\/v2\/posts"}],"about":[{"href":"https:\/\/riafpi.org\/index.php?rest_route=\/wp\/v2\/types\/post"}],"author":[{"embeddable":true,"href":"https:\/\/riafpi.org\/index.php?rest_route=\/wp\/v2\/users\/1"}],"replies":[{"embeddable":true,"href":"https:\/\/riafpi.org\/index.php?rest_route=%2Fwp%2Fv2%2Fcomments&post=2239"}],"version-history":[{"count":5,"href":"https:\/\/riafpi.org\/index.php?rest_route=\/wp\/v2\/posts\/2239\/revisions"}],"predecessor-version":[{"id":2325,"href":"https:\/\/riafpi.org\/index.php?rest_route=\/wp\/v2\/posts\/2239\/revisions\/2325"}],"wp:featuredmedia":[{"embeddable":true,"href":"https:\/\/riafpi.org\/index.php?rest_route=\/wp\/v2\/media\/2101"}],"wp:attachment":[{"href":"https:\/\/riafpi.org\/index.php?rest_route=%2Fwp%2Fv2%2Fmedia&parent=2239"}],"wp:term":[{"taxonomy":"category","embeddable":true,"href":"https:\/\/riafpi.org\/index.php?rest_route=%2Fwp%2Fv2%2Fcategories&post=2239"},{"taxonomy":"post_tag","embeddable":true,"href":"https:\/\/riafpi.org\/index.php?rest_route=%2Fwp%2Fv2%2Ftags&post=2239"}],"curies":[{"name":"wp","href":"https:\/\/api.w.org\/{rel}","templated":true}]}}