{"id":2348,"date":"2023-03-20T08:30:00","date_gmt":"2023-03-20T08:30:00","guid":{"rendered":"https:\/\/riafpi.org\/?p=2348"},"modified":"2023-03-21T13:15:21","modified_gmt":"2023-03-21T13:15:21","slug":"mot-du-president-du-riafpi-pour-la-journee-de-la-francophonie","status":"publish","type":"post","link":"https:\/\/riafpi.org\/?p=2348","title":{"rendered":"Mot du Pr\u00e9sident du RIAFPI pour la Journ\u00e9e de la Francophonie"},"content":{"rendered":"\n<p class=\"has-kubio-color-6-color has-text-color\">Ce 20 mars, la Communaut\u00e9 internationale c\u00e9l\u00e8bre la journ\u00e9e internationale de la Francophonie. Le RIAFPI accorde un int\u00e9r\u00eat \u00e0 cette journ\u00e9e en ce qu\u2019elle participe \u00e0 la promotion de la francophonie \u00e9conomique.<\/p>\n\n\n\n<p class=\"has-kubio-color-6-color has-text-color\">Au-del\u00e0 des domaines politique, social, culturel ou institutionnel, la Francophonie \u00e9conomique se r\u00e9v\u00e8le de plus en plus comme un maillon essentiel et indispensable de cet ensemble qui regroupe \u00e0 la fois des femmes et des hommes qui ont la langue fran\u00e7aise en partage.<\/p>\n\n\n\n<p class=\"has-kubio-color-6-color has-text-color\">C\u2019est l\u2019occasion pour le RIAFPI de r\u00e9affirmer son ambition de devenir un acteur majeur pour le rayonnement de la francophonie \u00e9conomique. Il renouv\u00e8le \u00e0 l\u2019Organisation Internationale de la Francophonie (OIF) sa volont\u00e9 et sa d\u00e9termination pour la mise en \u0153uvre de la politique de renforcement de la coop\u00e9ration \u00e9conomique et commerciale au sein de l\u2019Espace francophone pour en faire une destination privil\u00e9gi\u00e9e des investissements et du monde des affaires.<\/p>\n\n\n\n<p class=\"has-kubio-color-6-color has-text-color\">Le r\u00f4le des Agences de Promotion des Investissements de cet Espace est donc substantiel et strat\u00e9gique. C\u2019est pourquoi le RIAFPI participe \u00e0 toutes les initiatives de l\u2019Organisation Internationale de la Francophonie, notamment les missions \u00e9conomiques et commerciales visant \u00e0 favoriser les opportunit\u00e9s d&rsquo;affaires et d&rsquo;investissement entre pays francophones.<\/p>\n\n\n\n<p class=\"has-kubio-color-6-color has-text-color\">Tous ensemble pour une Francophonie \u00e9conomique et de d\u00e9veloppement !<\/p>\n\n\n\n<p class=\"has-kubio-color-6-color has-text-color\">Longue vie \u00e0 l\u2019OIF<br>Vive le RIAFPI !<\/p>\n\n\n\n<p class=\"has-kubio-color-6-color has-text-color\">Monsieur Anthony Nkinzo Kamole<\/p>\n\n\n\n<figure class=\"wp-block-gallery has-nested-images columns-default is-cropped wp-block-gallery-1 is-layout-flex wp-block-gallery-is-layout-flex\">\n<figure class=\"wp-block-image size-large\"><img loading=\"lazy\" decoding=\"async\" width=\"1024\" height=\"1024\" data-id=\"2350\" src=\"https:\/\/riafpi.org\/wp-content\/uploads\/2023\/03\/mot-president-du-riafpi-journee-de-la-francophonie-2023-1-1024x1024.jpeg\" alt=\"\" class=\"wp-image-2350\" srcset=\"https:\/\/riafpi.org\/wp-content\/uploads\/2023\/03\/mot-president-du-riafpi-journee-de-la-francophonie-2023-1-1024x1024.jpeg 1024w, https:\/\/riafpi.org\/wp-content\/uploads\/2023\/03\/mot-president-du-riafpi-journee-de-la-francophonie-2023-1-300x300.jpeg 300w, https:\/\/riafpi.org\/wp-content\/uploads\/2023\/03\/mot-president-du-riafpi-journee-de-la-francophonie-2023-1-150x150.jpeg 150w, https:\/\/riafpi.org\/wp-content\/uploads\/2023\/03\/mot-president-du-riafpi-journee-de-la-francophonie-2023-1-768x768.jpeg 768w, https:\/\/riafpi.org\/wp-content\/uploads\/2023\/03\/mot-president-du-riafpi-journee-de-la-francophonie-2023-1-275x275.jpeg 275w, https:\/\/riafpi.org\/wp-content\/uploads\/2023\/03\/mot-president-du-riafpi-journee-de-la-francophonie-2023-1-75x75.jpeg 75w, https:\/\/riafpi.org\/wp-content\/uploads\/2023\/03\/mot-president-du-riafpi-journee-de-la-francophonie-2023-1.jpeg 1080w\" sizes=\"(max-width: 1024px) 100vw, 1024px\" \/><\/figure>\n\n\n\n<figure class=\"wp-block-image size-large\"><img loading=\"lazy\" decoding=\"async\" width=\"1024\" height=\"1024\" data-id=\"2349\" src=\"https:\/\/riafpi.org\/wp-content\/uploads\/2023\/03\/mot-president-du-riafpi-journee-de-la-francophonie-2023-2-1024x1024.jpeg\" alt=\"Le Pr\u00e9sident du RIAFPI s'exprime sur la Francophonie \u00e9conomique dans le cadre de la Journ\u00e9e de la Francophonie. \" class=\"wp-image-2349\" srcset=\"https:\/\/riafpi.org\/wp-content\/uploads\/2023\/03\/mot-president-du-riafpi-journee-de-la-francophonie-2023-2-1024x1024.jpeg 1024w, https:\/\/riafpi.org\/wp-content\/uploads\/2023\/03\/mot-president-du-riafpi-journee-de-la-francophonie-2023-2-300x300.jpeg 300w, https:\/\/riafpi.org\/wp-content\/uploads\/2023\/03\/mot-president-du-riafpi-journee-de-la-francophonie-2023-2-150x150.jpeg 150w, https:\/\/riafpi.org\/wp-content\/uploads\/2023\/03\/mot-president-du-riafpi-journee-de-la-francophonie-2023-2-768x768.jpeg 768w, https:\/\/riafpi.org\/wp-content\/uploads\/2023\/03\/mot-president-du-riafpi-journee-de-la-francophonie-2023-2-275x275.jpeg 275w, https:\/\/riafpi.org\/wp-content\/uploads\/2023\/03\/mot-president-du-riafpi-journee-de-la-francophonie-2023-2-75x75.jpeg 75w, https:\/\/riafpi.org\/wp-content\/uploads\/2023\/03\/mot-president-du-riafpi-journee-de-la-francophonie-2023-2.jpeg 1080w\" sizes=\"(max-width: 1024px) 100vw, 1024px\" \/><\/figure>\n<\/figure>\n","protected":false},"excerpt":{"rendered":"<p>Le Pr\u00e9sident du RIAFPI s&rsquo;exprime sur la Francophonie Economique pour la Journ\u00e9e de la Francophonie. <\/p>\n","protected":false},"author":1,"featured_media":456,"comment_status":"open","ping_status":"open","sticky":false,"template":"","format":"standard","meta":{"saved_in_kubio":false,"give_campaign_id":0,"ngg_post_thumbnail":0,"_jetpack_memberships_contains_paid_content":false,"footnotes":""},"categories":[6,8,10],"tags":[123,120,122,119,28,81,121,29],"class_list":["post-2348","post","type-post","status-publish","format-standard","has-post-thumbnail","hentry","category-a-la-une","category-activites-de-visibilite-et-plaidoyer","category-actualites","tag-anthony-nkinzo-kamole","tag-francophonie","tag-francophonie-economique-2","tag-mot-du-president","tag-oif","tag-organisation-internationale-de-la-francophonie","tag-reseau-international-des-agences-francophones-de-promotion-de-investissements","tag-riafpi"],"jetpack_featured_media_url":"https:\/\/riafpi.org\/wp-content\/uploads\/2023\/01\/anthony-nkinzo-kamole-president-du-riafpi.jpeg","jetpack_sharing_enabled":true,"_links":{"self":[{"href":"https:\/\/riafpi.org\/index.php?rest_route=\/wp\/v2\/posts\/2348","targetHints":{"allow":["GET"]}}],"collection":[{"href":"https:\/\/riafpi.org\/index.php?rest_route=\/wp\/v2\/posts"}],"about":[{"href":"https:\/\/riafpi.org\/index.php?rest_route=\/wp\/v2\/types\/post"}],"author":[{"embeddable":true,"href":"https:\/\/riafpi.org\/index.php?rest_route=\/wp\/v2\/users\/1"}],"replies":[{"embeddable":true,"href":"https:\/\/riafpi.org\/index.php?rest_route=%2Fwp%2Fv2%2Fcomments&post=2348"}],"version-history":[{"count":3,"href":"https:\/\/riafpi.org\/index.php?rest_route=\/wp\/v2\/posts\/2348\/revisions"}],"predecessor-version":[{"id":2353,"href":"https:\/\/riafpi.org\/index.php?rest_route=\/wp\/v2\/posts\/2348\/revisions\/2353"}],"wp:featuredmedia":[{"embeddable":true,"href":"https:\/\/riafpi.org\/index.php?rest_route=\/wp\/v2\/media\/456"}],"wp:attachment":[{"href":"https:\/\/riafpi.org\/index.php?rest_route=%2Fwp%2Fv2%2Fmedia&parent=2348"}],"wp:term":[{"taxonomy":"category","embeddable":true,"href":"https:\/\/riafpi.org\/index.php?rest_route=%2Fwp%2Fv2%2Fcategories&post=2348"},{"taxonomy":"post_tag","embeddable":true,"href":"https:\/\/riafpi.org\/index.php?rest_route=%2Fwp%2Fv2%2Ftags&post=2348"}],"curies":[{"name":"wp","href":"https:\/\/api.w.org\/{rel}","templated":true}]}}