{"id":2396,"date":"2023-12-01T22:39:47","date_gmt":"2023-12-01T22:39:47","guid":{"rendered":"https:\/\/riafpi.org\/?p=2396"},"modified":"2023-12-01T23:17:14","modified_gmt":"2023-12-01T23:17:14","slug":"sixieme-conference-annuelle-du-riafpi-a-moroni-aux-comores","status":"publish","type":"post","link":"https:\/\/riafpi.org\/?p=2396","title":{"rendered":"Sixi\u00e8me Conf\u00e9rence Annuelle du RIAFPI \u00e0 Moroni, aux Comores"},"content":{"rendered":"\n<p class=\"has-kubio-color-6-color has-text-color has-link-color wp-elements-7c2554ac87c721537c29775fba339e76\">La sixi\u00e8me Conf\u00e9rence Annuelle du RIAFPI s&rsquo;est tenue le 6 juin 2023 \u00e0 Moroni, aux Comores.  Plac\u00e9e sous le Haut Patronage du Pr\u00e9sident de l\u2019Union des Comores, Pr\u00e9sident en Exercice de l\u2019Union Africaine, Son Excellence Monsieur Azali ASSOUMANI, cette conf\u00e9rence a \u00e9t\u00e9 organis\u00e9e en partenariat avec l\u2019ANPl-Comores. Le th\u00e8me central de la conf\u00e9rence a \u00e9t\u00e9 &nbsp;: \u00ab\u00a0Promotion et facilitation des Investissements intra-communautaires \u00e0 l\u2019\u00e8re de la ZLECAF : Quelle strat\u00e9gie au service d\u2019un d\u00e9veloppement inclusif et durable du Continent&nbsp;?\u00a0\u00bb . Retour sur les grandes lignes de cette rencontre. <\/p>\n\n\n\n<figure class=\"wp-block-image size-full\"><img loading=\"lazy\" decoding=\"async\" width=\"1022\" height=\"1024\" src=\"https:\/\/riafpi.org\/wp-content\/uploads\/2023\/05\/6-eme-conference-annuelle-du-riafpi-5-au-6-juin-moroni-comores.jpeg\" alt=\"\" class=\"wp-image-2375\" srcset=\"https:\/\/riafpi.org\/wp-content\/uploads\/2023\/05\/6-eme-conference-annuelle-du-riafpi-5-au-6-juin-moroni-comores.jpeg 1022w, https:\/\/riafpi.org\/wp-content\/uploads\/2023\/05\/6-eme-conference-annuelle-du-riafpi-5-au-6-juin-moroni-comores-300x300.jpeg 300w, https:\/\/riafpi.org\/wp-content\/uploads\/2023\/05\/6-eme-conference-annuelle-du-riafpi-5-au-6-juin-moroni-comores-150x150.jpeg 150w, https:\/\/riafpi.org\/wp-content\/uploads\/2023\/05\/6-eme-conference-annuelle-du-riafpi-5-au-6-juin-moroni-comores-768x770.jpeg 768w, https:\/\/riafpi.org\/wp-content\/uploads\/2023\/05\/6-eme-conference-annuelle-du-riafpi-5-au-6-juin-moroni-comores-275x275.jpeg 275w, https:\/\/riafpi.org\/wp-content\/uploads\/2023\/05\/6-eme-conference-annuelle-du-riafpi-5-au-6-juin-moroni-comores-75x75.jpeg 75w\" sizes=\"(max-width: 1022px) 100vw, 1022px\" \/><\/figure>\n\n\n\n<h2 class=\"wp-block-heading\">La 6\u00e8me Conf\u00e9rence Annuelle du RIAFPI <\/h2>\n\n\n\n<p class=\"has-kubio-color-6-color has-text-color has-link-color wp-elements-1b800c3e03f335efbfb250e9eebc7d33\">La Conf\u00e9rence annuelle s\u2019est tenue en marge du Salon des Entreprises \u00ab\u00a0Business in Komor 2023\u00a0\u00bb. Ce grand rassemblement \u00e9conomique annuel a rassembl\u00e9 les partenaires techniques et financiers, le secteur priv\u00e9, les porteurs des projets ainsi que les structures d\u2019appui \u00e0 l\u2019\u00e9cosyst\u00e8me du business aux Comores. <\/p>\n\n\n\n<h3 class=\"wp-block-heading\">Participation du Pr\u00e9sident du RIAFPI au Panel de Haut Niveau<\/h3>\n\n\n\n<p class=\"has-kubio-color-6-color has-text-color has-link-color wp-elements-d8cebf221b666228bf0a173e39128dd3\">Le Pr\u00e9sident du RIAFPI a fait une allocution \u00e0 la c\u00e9r\u00e9monie officielle d\u2019ouverture pr\u00e9sid\u00e9e par Son Excellence Monsieur Azali Assoumani, Pr\u00e9sident de l\u2019Union des Comores et Pr\u00e9sident en exercice de l\u2019Union Africaine.&nbsp; Il a par ailleurs particip\u00e9 au panel de haut niveau en tant que pan\u00e9liste \u00e0 c\u00f4t\u00e9 du Pr\u00e9sident de l\u2019Union des Comores, de la Directrice G\u00e9n\u00e9rale de l\u2019ANPI Comores \u00e9galement Repr\u00e9sentante la Zone Oc\u00e9an Indien du RIAFPI et du Vice-Ministre du Plan de la RDC. Ce panel de haut niveau a \u00e9t\u00e9 mod\u00e9r\u00e9 par le Ministre de l\u2019Economie des Comores. Il portait sur le th\u00e8me : \u00ab\u00a0Int\u00e9gration r\u00e9gionale et investissement : comment les pays Francophones peuvent-ils tirer parti de la ZLECAF pour stimuler l&rsquo;IDE ? politiques, r\u00e9gulations et incitations.\u00a0\u00bb<\/p>\n\n\n\n<blockquote class=\"wp-block-quote has-kubio-color-6-color has-text-color has-link-color wp-elements-c5d45d991f02fe462878d0f58f8e0f8a is-layout-flow wp-block-quote-is-layout-flow\">\n<p class=\"has-kubio-color-6-color has-text-color has-link-color wp-elements-0450d486c6d3871129aad95b961c94a1\">\u00ab\u00a0L&rsquo;Afrique regorge de ressources humaines, naturelles et culturelles exceptionnelles, qui sont autant d&rsquo;atouts pour notre avenir commun. Pour en tirer pleinement parti, il faut renforcer les investissements \u00e0 l&rsquo;int\u00e9rieur m\u00eame de notre Continent dans des domaines cl\u00e9s, que sont en particulier les projets d&rsquo;infrastructure r\u00e9gionaux et transfrontaliers, et promouvoir l&rsquo;industrialisation inclusive et la valeur ajout\u00e9e, qui sont essentielles pour cr\u00e9er des cha\u00eenes de valeur r\u00e9gionales et consolider la diversification \u00e9conomique. Nous devons encourager nos entreprises \u00e0 investir dans d&rsquo;autres pays africains, \u00e0 \u00e9tablir des partenariats solides et \u00e0 d\u00e9velopper des synergies qui profiteront \u00e0 l&rsquo;ensemble de l\u2019\u00e9conomie de notre Continent.\u00a0\u00bb<\/p>\n<cite>Monsieur Anthony Nkinzo Kamole lors de la C\u00e9r\u00e9monie d&rsquo;ouverture <\/cite><\/blockquote>\n\n\n\nngg_shortcode_0_placeholder\n\n\n\n<h3 class=\"wp-block-heading\">Un panel sur la participation des femmes dans la coop\u00e9ration et l&rsquo;int\u00e9gration r\u00e9gionale <\/h3>\n\n\n\n<p class=\"has-kubio-color-6-color has-text-color has-link-color wp-elements-2dff0f2c22118e1aff87b0e1b6794c9a\">Le panel intitul\u00e9 \u00ab\u00a0La Femme actrice de la Coop\u00e9ration et de &lsquo;int\u00e9gration r\u00e9gionale &#8211; Regards crois\u00e9s Francophonie et Union Africaine\u00a0\u00bb a vu la participation de la Directrice G\u00e9n\u00e9rale de CFI Ha\u00efti. Ainsi, il s&rsquo;est pench\u00e9 sur le r\u00f4le crucial des femmes en tant qu&rsquo;actrices de la coop\u00e9ration et de l&rsquo;int\u00e9gration r\u00e9gionale, en explorant les perspectives crois\u00e9es de la Francophonie et de l&rsquo;Union Africaine. Les intervenants ont mis en lumi\u00e8re divers sujets, notamment l&rsquo;autonomisation des femmes, l&rsquo;\u00e9galit\u00e9 des sexes et les opportunit\u00e9s \u00e9conomiques. Des exp\u00e9riences et r\u00e9ussites concr\u00e8tes ont \u00e9t\u00e9 partag\u00e9es, mettant en avant la contribution significative des femmes dans la construction d&rsquo;une coop\u00e9ration solide entre les pays francophones et les nations de l&rsquo;Union Africaine.<\/p>\n\n\n\n<p class=\"has-kubio-color-6-color has-text-color has-link-color wp-elements-a9b64afb0a86c49f6873567233237114\">Les participantes ont soulign\u00e9 l&rsquo;importance de cr\u00e9er un environnement favorable \u00e0 l&rsquo;\u00e9mancipation des femmes, en mettant en avant des politiques inclusives et des initiatives visant \u00e0 lever les obstacles socio-\u00e9conomiques. Les discussions ont \u00e9galement port\u00e9 sur les d\u00e9fis persistants et les solutions potentielles pour renforcer le r\u00f4le des femmes en tant que moteurs de la coop\u00e9ration et de l&rsquo;int\u00e9gration r\u00e9gionale.<\/p>\n\n\n\n<p class=\"has-kubio-color-6-color has-text-color has-link-color wp-elements-0680bcdd4ed0356967787ff8e162cf94\">En conclusion, le panel a mis en avant le besoin imp\u00e9ratif d&rsquo;accorder une attention particuli\u00e8re aux perspectives f\u00e9minines dans les strat\u00e9gies de coop\u00e9ration, reconnaissant ainsi le potentiel transformateur des femmes dans la promotion d&rsquo;une int\u00e9gration r\u00e9gionale plus solidaire et \u00e9quilibr\u00e9e au sein de la Francophonie et de l&rsquo;Union Africaine.<\/p>\n\n\n\n<h3 class=\"wp-block-heading\">L&rsquo;Atelier \u00ab\u00a0D\u00e9veloppement de la cha\u00eene de valeur agro-industrielle : enjeux et strat\u00e9gies pour une meilleure int\u00e9gration dans la ZLECAF\u00a0\u00bb<\/h3>\n\n\n\n<p class=\"has-kubio-color-6-color has-text-color has-link-color wp-elements-520a7baef8d37bf1d4fbc8097dddbcda\">L&rsquo;atelier sur le \u00ab\u00a0D\u00e9veloppement de la cha\u00eene de valeur agro-industrielle : enjeux et strat\u00e9gies pour une meilleure int\u00e9gration dans la ZLECAF\u00a0\u00bb a explor\u00e9 les d\u00e9fis et opportunit\u00e9s li\u00e9s \u00e0 la cr\u00e9ation et \u00e0 l&rsquo;am\u00e9lioration des cha\u00eenes de valeur agro-industrielles, en mettant l&rsquo;accent sur leur int\u00e9gration efficace dans la Zone de libre-\u00e9change continentale africaine (ZLECAF).<\/p>\n\n\n\n<p class=\"has-kubio-color-6-color has-text-color has-link-color wp-elements-a0d4e17226734ac588827dd69f5df9eb\">Les participants ont examin\u00e9 les enjeux sp\u00e9cifiques auxquels sont confront\u00e9es les cha\u00eenes de valeur agro-industrielles, tels que les probl\u00e8mes logistiques, les normes de qualit\u00e9, et les barri\u00e8res commerciales. Des discussions approfondies ont eu lieu sur les strat\u00e9gies potentielles visant \u00e0 surmonter ces obstacles, notamment l&rsquo;harmonisation des normes, le renforcement de l&rsquo;infrastructure et la promotion de partenariats public-priv\u00e9.<\/p>\n\n\n\n<p class=\"has-kubio-color-6-color has-text-color has-link-color wp-elements-fcc2f8d1e007c97030fe81777e1ba536\">Les intervenants ont soulign\u00e9 l&rsquo;importance d&rsquo;une approche collaborative entre les acteurs publics et priv\u00e9s pour favoriser le d\u00e9veloppement des cha\u00eenes de valeur agro-industrielles, favorisant ainsi une int\u00e9gration plus efficace dans la ZLECAF. Des \u00e9tudes de cas et des exemples concrets ont \u00e9t\u00e9 pr\u00e9sent\u00e9s pour illustrer les r\u00e9ussites et les bonnes pratiques en mati\u00e8re de d\u00e9veloppement de cha\u00eenes de valeur dans le contexte de la ZLECAF.<\/p>\n\n\n\n<p class=\"has-kubio-color-6-color has-text-color has-link-color wp-elements-d1d631ddde181fae5db84c60a8b43e38\">En r\u00e9sum\u00e9, l&rsquo;atelier a offert une plateforme pour \u00e9changer des id\u00e9es novatrices, partager des exp\u00e9riences r\u00e9ussies et discuter des strat\u00e9gies visant \u00e0 renforcer le d\u00e9veloppement des cha\u00eenes de valeur agro-industrielles, contribuant ainsi \u00e0 une meilleure int\u00e9gration \u00e9conomique au sein de la ZLECAF.<\/p>\n\n\n\nngg_shortcode_1_placeholder\n\n\n\n<h3 class=\"wp-block-heading\">La Table Ronde \u00ab\u00a0L&rsquo;impact des accords commerciaux r\u00e9gionaux sur le commerce des produits de premi\u00e8re n\u00e9cessit\u00e9 dans le cadre de la ZLECAF\u00a0\u00bb<\/h3>\n\n\n\n<p class=\"has-kubio-color-6-color has-text-color has-link-color wp-elements-990361d0e4c85903ce97db1fe69138d6\">Cette importante table ronde a vu la participation du Pr\u00e9sident du RIAFPI et du repr\u00e9sentant du S\u00e9n\u00e9gal. Elle a explor\u00e9 les cons\u00e9quences des accords commerciaux r\u00e9gionaux sur le commerce des produits essentiels au sein de la Zone de libre-\u00e9change continentale africaine (ZLECAF).<\/p>\n\n\n\n<p class=\"has-kubio-color-6-color has-text-color has-link-color wp-elements-6d47599af5a338b8f9f86f8242ee515b\">Les intervenants ont examin\u00e9 de pr\u00e8s comment ces accords influencent la circulation des produits de premi\u00e8re n\u00e9cessit\u00e9, tels que les denr\u00e9es alimentaires et les biens essentiels, au sein de la ZLECAF. Les discussions ont \u00e9galement port\u00e9 sur les opportunit\u00e9s offertes par ces accords pour stimuler le commerce, renforcer la s\u00e9curit\u00e9 alimentaire et favoriser le d\u00e9veloppement \u00e9conomique r\u00e9gional.<\/p>\n\n\n\n<p class=\"has-kubio-color-6-color has-text-color has-link-color wp-elements-3e06b0b8c169e92f76cd68cae28b293d\">Des pr\u00e9occupations sp\u00e9cifiques, telles que les barri\u00e8res non tarifaires, les normes de qualit\u00e9, et les d\u00e9fis logistiques, ont \u00e9t\u00e9 abord\u00e9es dans le contexte du commerce des produits de premi\u00e8re n\u00e9cessit\u00e9. Les participants ont ainsi partag\u00e9 des exp\u00e9riences et des exemples concrets pour illustrer comment les accords commerciaux r\u00e9gionaux peuvent \u00eatre optimis\u00e9s pour maximiser les avantages \u00e9conomiques tout en garantissant un acc\u00e8s \u00e9quitable aux biens essentiels.<\/p>\n\n\n\n<p class=\"has-kubio-color-6-color has-text-color has-link-color wp-elements-394f06265c21b5e4834e7b7fa30623c0\">En d\u00e9finitive, la table ronde a permis d&rsquo;analyser de mani\u00e8re approfondie l&rsquo;impact des accords commerciaux r\u00e9gionaux sur le commerce des produits de premi\u00e8re n\u00e9cessit\u00e9 au sein de la ZLECAF. Elle a aussi \u00e9t\u00e9 l&rsquo;occassion de mettre en lumi\u00e8re les d\u00e9fis existants et de proposer des solutions potentielles pour promouvoir un \u00e9change commercial efficace et \u00e9quitable dans le contexte de la libre circulation des biens au sein du continent africain.<\/p>\n\n\n\n<p class=\"has-kubio-color-6-color has-text-color has-link-color wp-elements-220292570009b837fa332f6a58960652\">Il faut, par ailleurs, noter qu&rsquo;une exposition a \u00e9t\u00e9 organis\u00e9e dans le salon pour permettre aux entreprises locales de pr\u00e9senter leurs produits et services, ainsi que leur savoir-faire, aux investisseurs potentiels.&nbsp;<\/p>\n","protected":false},"excerpt":{"rendered":"<p>La sixi\u00e8me Conf\u00e9rence Annuelle du RIAFPI s&rsquo;est tenue le 6 juin 2023 \u00e0 Moroni, aux Comores. Plac\u00e9e sous le Haut Patronage du Pr\u00e9sident de l\u2019Union des Comores, Pr\u00e9sident en Exercice de l\u2019Union Africaine, Son Excellence Monsieur Azali ASSOUMANI, cette conf\u00e9rence a \u00e9t\u00e9 organis\u00e9e en partenariat avec l\u2019ANPl-Comores. Le th\u00e8me central de la conf\u00e9rence a \u00e9t\u00e9 &nbsp;: \u00ab\u00a0Promotion et facilitation des &hellip; <\/p>\n","protected":false},"author":2,"featured_media":2452,"comment_status":"open","ping_status":"open","sticky":false,"template":"","format":"standard","meta":{"saved_in_kubio":false,"give_campaign_id":0,"ngg_post_thumbnail":0,"_jetpack_memberships_contains_paid_content":false,"footnotes":""},"categories":[6,8,10],"tags":[123,141,140,139,20,137,138,143,136,142],"class_list":["post-2396","post","type-post","status-publish","format-standard","has-post-thumbnail","hentry","category-a-la-une","category-activites-de-visibilite-et-plaidoyer","category-actualites","tag-anthony-nkinzo-kamole","tag-atelier","tag-business-in-komor","tag-comores","tag-conference-annuelle","tag-conference-annuelle-riafpi-2023","tag-moroni","tag-panel","tag-sixieme-conference-annuelle-du-riafpi","tag-table-ronde"],"jetpack_featured_media_url":"https:\/\/riafpi.org\/wp-content\/uploads\/2023\/12\/ceremonie-ouverture-sixieme-conference-annuelle-du-riafpi-1.jpeg","jetpack_sharing_enabled":true,"_links":{"self":[{"href":"https:\/\/riafpi.org\/index.php?rest_route=\/wp\/v2\/posts\/2396","targetHints":{"allow":["GET"]}}],"collection":[{"href":"https:\/\/riafpi.org\/index.php?rest_route=\/wp\/v2\/posts"}],"about":[{"href":"https:\/\/riafpi.org\/index.php?rest_route=\/wp\/v2\/types\/post"}],"author":[{"embeddable":true,"href":"https:\/\/riafpi.org\/index.php?rest_route=\/wp\/v2\/users\/2"}],"replies":[{"embeddable":true,"href":"https:\/\/riafpi.org\/index.php?rest_route=%2Fwp%2Fv2%2Fcomments&post=2396"}],"version-history":[{"count":4,"href":"https:\/\/riafpi.org\/index.php?rest_route=\/wp\/v2\/posts\/2396\/revisions"}],"predecessor-version":[{"id":2482,"href":"https:\/\/riafpi.org\/index.php?rest_route=\/wp\/v2\/posts\/2396\/revisions\/2482"}],"wp:featuredmedia":[{"embeddable":true,"href":"https:\/\/riafpi.org\/index.php?rest_route=\/wp\/v2\/media\/2452"}],"wp:attachment":[{"href":"https:\/\/riafpi.org\/index.php?rest_route=%2Fwp%2Fv2%2Fmedia&parent=2396"}],"wp:term":[{"taxonomy":"category","embeddable":true,"href":"https:\/\/riafpi.org\/index.php?rest_route=%2Fwp%2Fv2%2Fcategories&post=2396"},{"taxonomy":"post_tag","embeddable":true,"href":"https:\/\/riafpi.org\/index.php?rest_route=%2Fwp%2Fv2%2Ftags&post=2396"}],"curies":[{"name":"wp","href":"https:\/\/api.w.org\/{rel}","templated":true}]}}