{"id":2493,"date":"2023-12-02T00:11:22","date_gmt":"2023-12-02T00:11:22","guid":{"rendered":"https:\/\/riafpi.org\/?p=2493"},"modified":"2023-12-02T00:22:17","modified_gmt":"2023-12-02T00:22:17","slug":"forum-invest-in-senegal-le-riafpi-a-pris-part-a-cette-rencontre-economique","status":"publish","type":"post","link":"https:\/\/riafpi.org\/?p=2493","title":{"rendered":"Forum Invest In Senegal : Le RIAFPI a pris part \u00e0 cette rencontre \u00e9conomique."},"content":{"rendered":"\n<p class=\"has-kubio-color-6-color has-text-color has-link-color wp-elements-e8327b20790d8edc3ea87ae62914213d\">Du 6 au 8 juillet 2023, la ville de Dakar a \u00e9t\u00e9 le rendez-vous incontournable de promotion des investissements. Plac\u00e9 sous le Haut-Patronage du Pr\u00e9sident de la R\u00e9publique Macky Sall, il a r\u00e9unit pr\u00e8s de 3500 participants. <\/p>\n\n\n\n<h2 class=\"wp-block-heading\">Forum Invest In Senegal <\/h2>\n\n\n\n<h3 class=\"wp-block-heading\">3 jours de rencontres <\/h3>\n\n\n\n<p class=\"has-kubio-color-6-color has-text-color has-link-color wp-elements-7a52e5c9cd5a7069c632a977724535ab\">Le RIAFPI a pris part au Forum Invest in Senegal qui s&rsquo;est tenue du 6 au 8 juillet 2023 \u00e0 Dakar. Ce forum s&rsquo;est voulu \u00eatre un rendez-vous incontournable pour promouvoir les opportunit\u00e9s consid\u00e9rables d\u2019investissements aupr\u00e8s des op\u00e9rateurs \u00e9conomiques, partenaires financiers et techniques, institutions multilat\u00e9rales, d\u00e9cideurs et d\u00e9tenteurs d\u2019actifs attendus aussi bien de l\u2019Afrique que du reste du monde. Diff\u00e9rents secteurs d&rsquo;activit\u00e9s ont \u00e9t\u00e9 valoris\u00e9s notamment : \u00c9conomies num\u00e9rique et cr\u00e9ative, infrastructures structurantes, zones \u00e9conomiques sp\u00e9ciales, industrie pharmaceutique, \u00e9conomie verte et bleue, transport de masse, industrie du sport, mines \/ \u00e9nergies \/ oil &amp; gas, agribusiness, \u00e9ducation, tourisme, finance, sant\u00e9 et Partenariats Publics Priv\u00e9s (PPP).<\/p>\n\n\n\n<p class=\"has-kubio-color-6-color has-text-color has-link-color wp-elements-3c84e64cbd2b0139f71b9a3d8fe8726b\">Organis\u00e9 par l\u2019Agence nationale pour la promotion des investissements et des grands travaux (APIX.SA), le forum Invest In S\u00e9n\u00e9gal traduit la volont\u00e9 des autorit\u00e9s s\u00e9n\u00e9galaises d\u2019inscrire le S\u00e9n\u00e9gal dans le concert des pays \u00e9mergents et rendre plus comp\u00e9titif le pays de la Teranga sur le plan international. <\/p>\n\n\n\n<p class=\"has-kubio-color-6-color has-text-color has-link-color wp-elements-65a8d1ae89c048cb12b0fb00141e2f2d\">Le forum a donc \u00e9t\u00e9 l&rsquo;occasion pour le RIAFPI de prendre part \u00e0 des rencontres et des \u00e9changes avec les acteurs \u00e9conomiques locaux, notamment du secteur priv\u00e9, les investisseurs nationaux et internationaux et les acteurs et bailleurs internationaux pr\u00e9sents. <\/p>\n\n\n\nngg_shortcode_0_placeholder\n","protected":false},"excerpt":{"rendered":"<p>Du 6 au 8 juillet 2023, la ville de Dakar a \u00e9t\u00e9 le rendez-vous incontournable de promotion des investissements. Plac\u00e9 sous le Haut-Patronage du Pr\u00e9sident de la R\u00e9publique Macky Sall, il a r\u00e9unit pr\u00e8s de 3500 participants. Forum Invest In Senegal 3 jours de rencontres Le RIAFPI a pris part au Forum Invest in Senegal qui s&rsquo;est tenue du 6 &hellip; <\/p>\n","protected":false},"author":2,"featured_media":2506,"comment_status":"open","ping_status":"open","sticky":false,"template":"","format":"standard","meta":{"saved_in_kubio":false,"give_campaign_id":0,"ngg_post_thumbnail":0,"_jetpack_memberships_contains_paid_content":false,"footnotes":""},"categories":[6,8],"tags":[151,150,29,152],"class_list":["post-2493","post","type-post","status-publish","format-standard","has-post-thumbnail","hentry","category-a-la-une","category-activites-de-visibilite-et-plaidoyer","tag-dakar","tag-forum-invest-in-senegal","tag-riafpi","tag-senegal"],"jetpack_featured_media_url":"https:\/\/riafpi.org\/wp-content\/uploads\/2023\/12\/forum-invest-in-senegal-juillet-2023-8.jpeg","jetpack_sharing_enabled":true,"_links":{"self":[{"href":"https:\/\/riafpi.org\/index.php?rest_route=\/wp\/v2\/posts\/2493","targetHints":{"allow":["GET"]}}],"collection":[{"href":"https:\/\/riafpi.org\/index.php?rest_route=\/wp\/v2\/posts"}],"about":[{"href":"https:\/\/riafpi.org\/index.php?rest_route=\/wp\/v2\/types\/post"}],"author":[{"embeddable":true,"href":"https:\/\/riafpi.org\/index.php?rest_route=\/wp\/v2\/users\/2"}],"replies":[{"embeddable":true,"href":"https:\/\/riafpi.org\/index.php?rest_route=%2Fwp%2Fv2%2Fcomments&post=2493"}],"version-history":[{"count":1,"href":"https:\/\/riafpi.org\/index.php?rest_route=\/wp\/v2\/posts\/2493\/revisions"}],"predecessor-version":[{"id":2508,"href":"https:\/\/riafpi.org\/index.php?rest_route=\/wp\/v2\/posts\/2493\/revisions\/2508"}],"wp:featuredmedia":[{"embeddable":true,"href":"https:\/\/riafpi.org\/index.php?rest_route=\/wp\/v2\/media\/2506"}],"wp:attachment":[{"href":"https:\/\/riafpi.org\/index.php?rest_route=%2Fwp%2Fv2%2Fmedia&parent=2493"}],"wp:term":[{"taxonomy":"category","embeddable":true,"href":"https:\/\/riafpi.org\/index.php?rest_route=%2Fwp%2Fv2%2Fcategories&post=2493"},{"taxonomy":"post_tag","embeddable":true,"href":"https:\/\/riafpi.org\/index.php?rest_route=%2Fwp%2Fv2%2Ftags&post=2493"}],"curies":[{"name":"wp","href":"https:\/\/api.w.org\/{rel}","templated":true}]}}