{"id":2534,"date":"2023-12-02T01:02:34","date_gmt":"2023-12-02T01:02:34","guid":{"rendered":"https:\/\/riafpi.org\/?p=2534"},"modified":"2023-12-02T01:02:34","modified_gmt":"2023-12-02T01:02:34","slug":"makutano-2023-une-delegation-de-la-republique-democratique-du-congo-presente-a-abidjan-pour-promouvoir-la-marque-economique-invest-in-drc","status":"publish","type":"post","link":"https:\/\/riafpi.org\/?p=2534","title":{"rendered":"Makutano 2023 : Une d\u00e9l\u00e9gation de la R\u00e9publique D\u00e9mocratique du Congo pr\u00e9sente \u00e0 Abidjan pour promouvoir la marque \u00e9conomique \u00ab\u00a0Invest in DRC\u00a0\u00bb"},"content":{"rendered":"\n<p class=\"has-kubio-color-6-color has-text-color has-link-color wp-elements-074c2fb881808ca2ae0959e36f493610\">La 9\u00e8me \u00e9dition du Business Forum de MAKUTANO, premier r\u00e9seau d\u2019affaires d\u2019Afrique centrale, s&rsquo;est tenue du 20 et 21 septembre 2023 au Sofitel H\u00f4tel Ivoire d\u2019Abidjan. Cet \u00e9v\u00e9nement majeur a eu lieu pour la premi\u00e8re fois en dehors de la R\u00e9publique d\u00e9mocratique du Congo et de la sous -r\u00e9gion. Il a r\u00e9unit plus de 150 personnalit\u00e9s dont des chefs de gouvernements, des d\u00e9cideurs publics, des dirigeants du secteur priv\u00e9 ainsi que des leaders de la soci\u00e9t\u00e9 civile afin de contribuer \u00e0 la\u00a0 lib\u00e9ration du potentiel commercial intra-africain inexploit\u00e9.\u00a0<\/p>\n\n\n\n<h2 class=\"wp-block-heading\">Business Forum de Makutano 2023  <\/h2>\n\n\n\n<h3 class=\"wp-block-heading\">Une d\u00e9l\u00e9gation de la RDC pr\u00e9sente pour promouvoir la marque \u00e9conomique \u00ab\u00a0Invest in DRC\u00a0\u00bb<\/h3>\n\n\n\n<p class=\"has-kubio-color-6-color has-text-color has-link-color wp-elements-5ecfd8be64da472e3209e10a099bf53a\">Une d\u00e9l\u00e9gation de la R\u00e9publique D\u00e9mocratique du Congo \u00e9tait pr\u00e9sente \u00e0 Abidjan du 19 au 21 septembre 2023 dans le cadre du Business Forum de Makutano. Son objectif pour promouvoir la marque \u00e9conomique \u00ab\u00a0Invest in DRC\u00a0\u00bb, cr\u00e9er des opportunit\u00e9s d\u2019affaires et renforcer les relations \u00e9conomiques et commerciales avec la C\u00f4te d&rsquo;Ivoire. <\/p>\n\n\n\n<p class=\"has-kubio-color-6-color has-text-color has-link-color wp-elements-ee860160deaa901a908defce838d56ab\">Lors de ces assises, le secteur priv\u00e9 congolais a \u00e9t\u00e9 fortement repr\u00e9sent\u00e9, par la pr\u00e9sence de plusieurs dizaines de chefs d\u2019entreprise actifs dans des secteurs tels que la banque, l&rsquo;agriculture, les infrastructures ou encore l&rsquo;\u00e9nergie. Ils ont pu \u00e9chang\u00e9 avec le secteur priv\u00e9 ivoirien dans le but de cr\u00e9er des opportunit\u00e9s d\u2019affaires.<\/p>\n\n\n\n<p class=\"has-kubio-color-6-color has-text-color has-link-color wp-elements-ac93f7f6464598914f580340ec2122ef\">Cette d\u00e9l\u00e9gation de haut niveau repr\u00e9sente l&rsquo;engagement de la R\u00e9publique d\u00e9mocratique du Congo \u00e0 promouvoir un environnement favorable aux investissements et \u00e0 explorer de nouvelles opportunit\u00e9s de collaboration \u00e9conomique avec la C\u00f4te d&rsquo;Ivoire. <\/p>\n\n\n\n<blockquote class=\"wp-block-quote has-kubio-color-6-color has-text-color has-link-color wp-elements-b5cb36cf69713f815c09da160a0fb0ec is-layout-flow wp-block-quote-is-layout-flow\">\n<p class=\"has-kubio-color-6-color has-text-color has-link-color wp-elements-314f942063d48e7929f12bf9627226b9\">\u00ab\u00a0\u00c0 Abidjan, nous voulons poser les bases d&rsquo;une nouvelle \u00e8re de coop\u00e9ration \u00e9conomique entre la R\u00e9publique d\u00e9mocratique du Congo et la C\u00f4te d&rsquo;Ivoire. Notre pays est une destination d&rsquo;investissement de choix, et nous sommes pr\u00eats \u00e0 travailler en \u00e9troite collaboration avec nos homologues ivoiriens, pour stimuler la croissance \u00e9conomique en Afrique\u00a0\u00bb<\/p>\n<cite>Anthony Nkinzo, Directeur g\u00e9n\u00e9ral de l&rsquo;Agence Nationale pour la Promotion des Investissements de la R\u00e9publique D\u00e9mocratique du Congo (ANAPI) et Pr\u00e9sident du R\u00e9seau International des Agences Francophones de Promotion des Investissements (RIAFPI).<\/cite><\/blockquote>\n\n\n\nngg_shortcode_0_placeholder\n\n\n\n<h3 class=\"wp-block-heading\">Promouvoir les atouts \u00e9conomiques de la R\u00e9publique D\u00e9mocratique du Congo <\/h3>\n\n\n\n<p class=\"has-kubio-color-6-color has-text-color has-link-color wp-elements-6b2817c67e947f01634363caca91c3c7\">La d\u00e9l\u00e9gation de haut niveau de la R\u00e9publique D\u00e9mocratique du Congo a \u00e9t\u00e9 conduite par Jean-Michel Sama Lukonde en sa qualit\u00e9 de Premier Ministre. Plusieurs membres du Gouvernement, dont le Vice-Premier Ministre et Ministre de l&rsquo;\u00c9conomie nationale, Vital Kamerhe, le Ministre des Finances, Nicolas Kazadi, le Ministre de l&rsquo;Agriculture, Jos\u00e9 Mpanda, et celui du Commerce ext\u00e9rieur, Jean-Lucien Mbusa \u00e9t\u00e9 pr\u00e9sents.<\/p>\n\n\n\n<p class=\"has-kubio-color-6-color has-text-color has-link-color wp-elements-bff0010fe475c064876aedf907e5860c\">\u00c0 travers la marque \u00e9conomique \u00ab\u00a0Invest in DRC\u00a0\u00bb, le Gouvernement congolais et l&rsquo;ANAPI, ont pr\u00e9sent\u00e9 les atouts \u00e9conomiques de la RDC. Des focus ont \u00e9t\u00e9 faits sur son capital humain jeune et dynamique, ses vastes ressources naturelles, ses secteurs porteurs, et ses r\u00e9centes r\u00e9formes \u00e9conomiques.<\/p>\n","protected":false},"excerpt":{"rendered":"<p>La 9\u00e8me \u00e9dition du Business Forum de MAKUTANO, premier r\u00e9seau d\u2019affaires d\u2019Afrique centrale, s&rsquo;est tenue du 20 et 21 septembre 2023 au Sofitel H\u00f4tel Ivoire d\u2019Abidjan. Cet \u00e9v\u00e9nement majeur a eu lieu pour la premi\u00e8re fois en dehors de la R\u00e9publique d\u00e9mocratique du Congo et de la sous -r\u00e9gion. Il a r\u00e9unit plus de 150 personnalit\u00e9s dont des chefs de &hellip; <\/p>\n","protected":false},"author":2,"featured_media":2539,"comment_status":"open","ping_status":"open","sticky":false,"template":"","format":"standard","meta":{"saved_in_kubio":false,"give_campaign_id":0,"ngg_post_thumbnail":0,"_jetpack_memberships_contains_paid_content":false,"footnotes":""},"categories":[6,8,10],"tags":[14,101,123,154,155,156,153,157,99,29],"class_list":["post-2534","post","type-post","status-publish","format-standard","has-post-thumbnail","hentry","category-a-la-une","category-activites-de-visibilite-et-plaidoyer","category-actualites","tag-abidjan","tag-anapi-rdc","tag-anthony-nkinzo-kamole","tag-business-forum-makutano-2023","tag-cote-divoire-2","tag-forum-economique","tag-makutano-2023","tag-promotion-des-investissements","tag-rdc","tag-riafpi"],"jetpack_featured_media_url":"https:\/\/riafpi.org\/wp-content\/uploads\/2023\/12\/business-forum-makutano-invest-in-drc-19-et-21-septembre-2023-abidjan-1.jpg","jetpack_sharing_enabled":true,"_links":{"self":[{"href":"https:\/\/riafpi.org\/index.php?rest_route=\/wp\/v2\/posts\/2534","targetHints":{"allow":["GET"]}}],"collection":[{"href":"https:\/\/riafpi.org\/index.php?rest_route=\/wp\/v2\/posts"}],"about":[{"href":"https:\/\/riafpi.org\/index.php?rest_route=\/wp\/v2\/types\/post"}],"author":[{"embeddable":true,"href":"https:\/\/riafpi.org\/index.php?rest_route=\/wp\/v2\/users\/2"}],"replies":[{"embeddable":true,"href":"https:\/\/riafpi.org\/index.php?rest_route=%2Fwp%2Fv2%2Fcomments&post=2534"}],"version-history":[{"count":1,"href":"https:\/\/riafpi.org\/index.php?rest_route=\/wp\/v2\/posts\/2534\/revisions"}],"predecessor-version":[{"id":2540,"href":"https:\/\/riafpi.org\/index.php?rest_route=\/wp\/v2\/posts\/2534\/revisions\/2540"}],"wp:featuredmedia":[{"embeddable":true,"href":"https:\/\/riafpi.org\/index.php?rest_route=\/wp\/v2\/media\/2539"}],"wp:attachment":[{"href":"https:\/\/riafpi.org\/index.php?rest_route=%2Fwp%2Fv2%2Fmedia&parent=2534"}],"wp:term":[{"taxonomy":"category","embeddable":true,"href":"https:\/\/riafpi.org\/index.php?rest_route=%2Fwp%2Fv2%2Fcategories&post=2534"},{"taxonomy":"post_tag","embeddable":true,"href":"https:\/\/riafpi.org\/index.php?rest_route=%2Fwp%2Fv2%2Ftags&post=2534"}],"curies":[{"name":"wp","href":"https:\/\/api.w.org\/{rel}","templated":true}]}}