{"id":2742,"date":"2024-12-12T23:03:22","date_gmt":"2024-12-12T23:03:22","guid":{"rendered":"https:\/\/riafpi.org\/?p=2742"},"modified":"2024-12-12T23:04:31","modified_gmt":"2024-12-12T23:04:31","slug":"mission-economique-et-commerciale-de-loif-montreal-et-quebec-au-coeur-des-echanges-francophones","status":"publish","type":"post","link":"https:\/\/riafpi.org\/?p=2742","title":{"rendered":"Mission \u00e9conomique et commerciale de l\u2019OIF : Montr\u00e9al et Qu\u00e9bec au c\u0153ur des \u00e9changes francophones"},"content":{"rendered":"\n<p>Du 11 au 13 juin 2024, l\u2019Organisation internationale de la Francophonie (OIF) a marqu\u00e9 une \u00e9tape importante dans sa programmation quadriennale 2024-2027 en organisant une mission \u00e9conomique et commerciale en Am\u00e9rique du Nord. Cet \u00e9v\u00e9nement, qui s\u2019est tenu dans les villes de Montr\u00e9al et de Qu\u00e9bec, refl\u00e8te l\u2019ambition de l\u2019OIF d\u2019intensifier les \u00e9changes commerciaux et les investissements entre ses 88 \u00c9tats et gouvernements membres.<\/p>\n\n\n\n\n\n<h3 class=\"wp-block-heading\"><strong>Un pont \u00e9conomique entre continents<\/strong><\/h3>\n\n\n\n<p>Apr\u00e8s des missions r\u00e9ussies en Asie, en Afrique et en Europe, cette premi\u00e8re incursion de l\u2019OIF en sol nord-am\u00e9ricain a mis en avant la collaboration avec le gouvernement du Qu\u00e9bec et d\u2019autres provinces membres de l\u2019Alliance de la Francophonie \u00e9conomique canadienne. Pendant trois jours, cette mission a offert aux participants un forum \u00e9conomique de haut niveau, des rencontres d\u2019affaires personnalis\u00e9es, ainsi que des visites d\u2019entreprises et des opportunit\u00e9s de r\u00e9seautage strat\u00e9gique.<\/p>\n\n\n\n<p>Les participants, venus d\u2019Afrique, d\u2019Asie, des Cara\u00efbes, d\u2019Europe et de l\u2019oc\u00e9an Indien, ont pu explorer des opportunit\u00e9s concr\u00e8tes dans des secteurs strat\u00e9giques. Parmi ces domaines, les \u00e9nergies renouvelables, incluant l\u2019efficacit\u00e9 \u00e9nerg\u00e9tique, l\u2019\u00e9lectrification des transports et la fili\u00e8re batterie, ont occup\u00e9 une place pr\u00e9pond\u00e9rante. Les services num\u00e9riques, notamment les Medtech, Edtech et l\u2019industrie du jeu vid\u00e9o, ainsi que l\u2019Agtech dans l\u2019agroalimentaire, ont \u00e9galement \u00e9t\u00e9 au c\u0153ur des discussions.<\/p>\n\n\n\n<h3 class=\"wp-block-heading\"><strong>Faire des affaires en Afrique : un moment fort<\/strong><\/h3>\n\n\n\n<p>Un des temps forts de la mission a \u00e9t\u00e9 la session intitul\u00e9e \u00ab Faire des affaires en Afrique \u00bb, o\u00f9 Mme Saran Fofana, Secr\u00e9taire Ex\u00e9cutif du R\u00e9seau International des Agences Francophones de Promotion des Investissements (RIAFPI) a pris la parole. Cette derni\u00e8re a saisi l\u2019occasion pour pr\u00e9senter les missions et actions du RIAFPI, exposant les strat\u00e9gies cl\u00e9s pour attirer les investissements \u00e9trangers sur le continent africain. Son intervention a \u00e9galement servi \u00e0 encourager les entreprises internationales \u00e0 explorer les opportunit\u00e9s florissantes qu\u2019offre notamment l\u2019Afrique dans des secteurs innovants et porteurs.<\/p>\n\n\n\nngg_shortcode_0_placeholder\n\n\n\n<h3 class=\"wp-block-heading\"><strong>Une mission aux retomb\u00e9es prometteuses<\/strong><\/h3>\n\n\n\n<p>Cette mission a renforc\u00e9 les liens \u00e9conomiques et commerciaux entre les entreprises qu\u00e9b\u00e9coises, canadiennes et celles des pays de la Francophonie mondiale. En facilitant le dialogue direct et en offrant un accompagnement personnalis\u00e9, l\u2019OIF et ses partenaires ont contribu\u00e9 \u00e0 poser les bases de partenariats durables.<\/p>\n\n\n\n<p>La programmation quadriennale de l\u2019OIF pr\u00e9voit d\u2019autres initiatives similaires pour les ann\u00e9es \u00e0 venir, afin de continuer \u00e0 favoriser la collaboration \u00e9conomique au sein de l\u2019espace francophone et au-del\u00e0.<\/p>\n\n\n\n<hr class=\"wp-block-separator has-alpha-channel-opacity\"\/>\n\n\n\n<p>Un \u00e9v\u00e9nement marquant pour la Francophonie, cette mission \u00e9conomique et commerciale \u00e0 Montr\u00e9al et Qu\u00e9bec illustre une fois de plus l\u2019importance de la coop\u00e9ration \u00e9conomique internationale dans un monde toujours plus interconnect\u00e9.<\/p>\n","protected":false},"excerpt":{"rendered":"<p>Du 11 au 13 juin 2024, l\u2019Organisation internationale de la Francophonie (OIF) a marqu\u00e9 une \u00e9tape importante dans sa programmation quadriennale 2024-2027 en organisant une mission \u00e9conomique et commerciale en Am\u00e9rique du Nord. Cet \u00e9v\u00e9nement, qui s\u2019est tenu dans les villes de Montr\u00e9al et de Qu\u00e9bec, refl\u00e8te l\u2019ambition de l\u2019OIF d\u2019intensifier les \u00e9changes commerciaux et les investissements entre ses 88 &hellip; <\/p>\n","protected":false},"author":2,"featured_media":2745,"comment_status":"open","ping_status":"open","sticky":false,"template":"","format":"standard","meta":{"saved_in_kubio":false,"give_campaign_id":0,"ngg_post_thumbnail":0,"_jetpack_memberships_contains_paid_content":false,"footnotes":""},"categories":[6,8],"tags":[171,25,168,167,169,170,29],"class_list":["post-2742","post","type-post","status-publish","format-standard","has-post-thumbnail","hentry","category-a-la-une","category-activites-de-visibilite-et-plaidoyer","tag-canada","tag-francophonie-economique","tag-mission-economique-et-commerciale","tag-mission-economique-et-commerciale-de-loif-a-montreal-et-a-quebec","tag-montreal","tag-quebec","tag-riafpi"],"jetpack_featured_media_url":"https:\/\/riafpi.org\/wp-content\/uploads\/2024\/12\/mission-economique-et-commerciale-de-oif-a-montreal-et-a-quebec-11-au13-juin-2024-riafpi-1.jpeg","jetpack_sharing_enabled":true,"_links":{"self":[{"href":"https:\/\/riafpi.org\/index.php?rest_route=\/wp\/v2\/posts\/2742","targetHints":{"allow":["GET"]}}],"collection":[{"href":"https:\/\/riafpi.org\/index.php?rest_route=\/wp\/v2\/posts"}],"about":[{"href":"https:\/\/riafpi.org\/index.php?rest_route=\/wp\/v2\/types\/post"}],"author":[{"embeddable":true,"href":"https:\/\/riafpi.org\/index.php?rest_route=\/wp\/v2\/users\/2"}],"replies":[{"embeddable":true,"href":"https:\/\/riafpi.org\/index.php?rest_route=%2Fwp%2Fv2%2Fcomments&post=2742"}],"version-history":[{"count":1,"href":"https:\/\/riafpi.org\/index.php?rest_route=\/wp\/v2\/posts\/2742\/revisions"}],"predecessor-version":[{"id":2747,"href":"https:\/\/riafpi.org\/index.php?rest_route=\/wp\/v2\/posts\/2742\/revisions\/2747"}],"wp:featuredmedia":[{"embeddable":true,"href":"https:\/\/riafpi.org\/index.php?rest_route=\/wp\/v2\/media\/2745"}],"wp:attachment":[{"href":"https:\/\/riafpi.org\/index.php?rest_route=%2Fwp%2Fv2%2Fmedia&parent=2742"}],"wp:term":[{"taxonomy":"category","embeddable":true,"href":"https:\/\/riafpi.org\/index.php?rest_route=%2Fwp%2Fv2%2Fcategories&post=2742"},{"taxonomy":"post_tag","embeddable":true,"href":"https:\/\/riafpi.org\/index.php?rest_route=%2Fwp%2Fv2%2Ftags&post=2742"}],"curies":[{"name":"wp","href":"https:\/\/api.w.org\/{rel}","templated":true}]}}