{"id":2762,"date":"2024-12-12T23:02:42","date_gmt":"2024-12-12T23:02:42","guid":{"rendered":"https:\/\/riafpi.org\/?p=2762"},"modified":"2024-12-12T23:02:42","modified_gmt":"2024-12-12T23:02:42","slug":"mission-economique-et-commerciale-de-loif-la-roumanie-nouvelle-porte-dentree-pour-les-opportunites-francophones","status":"publish","type":"post","link":"https:\/\/riafpi.org\/?p=2762","title":{"rendered":"Mission \u00e9conomique et commerciale de l\u2019OIF : La Roumanie, nouvelle porte d\u2019entr\u00e9e pour les opportunit\u00e9s francophones"},"content":{"rendered":"\n<p>Du 27 au 29 mars 2024, Bucarest a accueilli une mission \u00e9conomique et commerciale organis\u00e9e par l\u2019Organisation internationale de la Francophonie (OIF). Cet \u00e9v\u00e9nement, conduit en collaboration avec les autorit\u00e9s roumaines et des partenaires techniques, s\u2019inscrit dans les efforts constants de l\u2019OIF pour stimuler les \u00e9changes \u00e9conomiques entre ses 88 \u00c9tats et gouvernements membres.<\/p>\n\n\n\n\n\n<h3 class=\"wp-block-heading\"><strong>Une dynamique \u00e9conomique au c\u0153ur de l\u2019Europe centrale<\/strong><\/h3>\n\n\n\n<p>Apr\u00e8s des missions fructueuses en Asie du Sud-Est, en Afrique centrale et au Liban, cette incursion en Europe centrale et orientale a marqu\u00e9 une nouvelle \u00e9tape strat\u00e9gique pour l\u2019OIF. Pendant deux jours et demi, des forums \u00e9conomiques, des rencontres d\u2019affaires personnalis\u00e9es et des visites d\u2019entreprises locales ont offert aux participants une immersion dans les opportunit\u00e9s qu\u2019offre la Roumanie.<\/p>\n\n\n\n<p>Les secteurs mis en avant \u00e9taient particuli\u00e8rement prometteurs :<\/p>\n\n\n\n<ul class=\"wp-block-list\">\n<li><strong>Agroalimentaire<\/strong> : exploration des innovations et partenariats dans un secteur cl\u00e9 pour la r\u00e9gion.<\/li>\n\n\n\n<li><strong>Num\u00e9rique<\/strong> : avec un accent sur la cybers\u00e9curit\u00e9 et l\u2019industrie du jeu vid\u00e9o, des domaines dans lesquels la Roumanie excelle.<\/li>\n\n\n\n<li><strong>\u00c9nergie verte<\/strong> : notamment les solutions li\u00e9es \u00e0 la transition \u00e9nerg\u00e9tique.<\/li>\n\n\n\n<li><strong>Industrie m\u00e9dicale<\/strong> : un secteur en pleine croissance et essentiel pour les \u00e9changes internationaux.<\/li>\n<\/ul>\n\n\n\n<h3 class=\"wp-block-heading\"><strong>Une mission sous le signe du dialogue et du partenariat<\/strong><\/h3>\n\n\n\n<p>Madame Caroline St-Hilaire, Administratrice de l\u2019OIF, et Madame Florence Brillouin, Directrice de la Francophonie \u00c9conomique et Num\u00e9rique, ont orchestr\u00e9 cette mission \u00e0 travers un programme dense et structur\u00e9 :<\/p>\n\n\n\n<ul class=\"wp-block-list\">\n<li>Une <strong>Conf\u00e9rence principale<\/strong> pour poser le cadre des \u00e9changes.<\/li>\n\n\n\n<li>Des <strong>sessions de rencontres B2B<\/strong>, permettant aux entreprises de diff\u00e9rents continents de nouer des partenariats concrets.<\/li>\n\n\n\n<li>Des <strong>cocktails de r\u00e9seautage<\/strong> favorisant des \u00e9changes informels entre d\u00e9cideurs.<\/li>\n\n\n\n<li>Une session intitul\u00e9e <strong>\u00ab Investir en Roumanie \u00bb<\/strong>, visant \u00e0 pr\u00e9senter les atouts \u00e9conomiques et les incitations pour les investisseurs \u00e9trangers.<\/li>\n\n\n\n<li>Une session sp\u00e9ciale <strong>\u00ab Faire des affaires en Afrique \u00bb<\/strong>, un moment fort de la mission.<\/li>\n<\/ul>\n\n\n\nngg_shortcode_0_placeholder\n\n\n\n<h3 class=\"wp-block-heading\"><strong>Faire des affaires en Afrique : un dialogue enrichissant<\/strong><\/h3>\n\n\n\n<p>Lors de la session d\u00e9di\u00e9e \u00e0 l\u2019Afrique, Mme Saran Fofana, Secr\u00e9taire Ex\u00e9cutive du R\u00e9seau International des Agences Francophones de Promotion des Investissements (RIAFPI) a livr\u00e9 une intervention remarqu\u00e9e. Elle a pr\u00e9sent\u00e9 les missions et actions du RIAFPI, abord\u00e9 les strat\u00e9gies d\u2019attraction des investissements \u00e9trangers, et surtout encourag\u00e9 les entreprises pr\u00e9sentes \u00e0 explorer le potentiel \u00e9conomique du continent africain.<\/p>\n\n\n\n<h3 class=\"wp-block-heading\"><strong>Des retomb\u00e9es prometteuses pour la Francophonie<\/strong><\/h3>\n\n\n\n<p>Cette mission a offert aux participants une plateforme unique pour concr\u00e9tiser des opportunit\u00e9s commerciales et d\u2019investissement. Les \u00e9changes, riches et vari\u00e9s, ont permis de poser les bases de collaborations solides entre les entreprises roumaines et celles issues des autres r\u00e9gions de la Francophonie.<\/p>\n\n\n\n<p>En renfor\u00e7ant les connexions \u00e9conomiques entre l\u2019Europe centrale et le reste de l\u2019espace francophone, l\u2019OIF confirme son r\u00f4le moteur dans la dynamisation des \u00e9changes \u00e9conomiques internationaux. Avec des secteurs aussi strat\u00e9giques que le num\u00e9rique, l\u2019\u00e9nergie verte ou l\u2019agroalimentaire, cette mission \u00e9conomique et commerciale s\u2019inscrit comme un jalon cl\u00e9 dans la programmation quadriennale 2024-2027 de l\u2019OIF.<\/p>\n","protected":false},"excerpt":{"rendered":"<p>Du 27 au 29 mars 2024, Bucarest a accueilli une mission \u00e9conomique et commerciale organis\u00e9e par l\u2019Organisation internationale de la Francophonie (OIF). Cet \u00e9v\u00e9nement, conduit en collaboration avec les autorit\u00e9s roumaines et des partenaires techniques, s\u2019inscrit dans les efforts constants de l\u2019OIF pour stimuler les \u00e9changes \u00e9conomiques entre ses 88 \u00c9tats et gouvernements membres. Une dynamique \u00e9conomique au c\u0153ur de &hellip; <\/p>\n","protected":false},"author":2,"featured_media":2763,"comment_status":"open","ping_status":"open","sticky":false,"template":"","format":"standard","meta":{"saved_in_kubio":false,"give_campaign_id":0,"ngg_post_thumbnail":0,"_jetpack_memberships_contains_paid_content":false,"footnotes":""},"categories":[6,8],"tags":[168,172,29,173],"class_list":["post-2762","post","type-post","status-publish","format-standard","has-post-thumbnail","hentry","category-a-la-une","category-activites-de-visibilite-et-plaidoyer","tag-mission-economique-et-commerciale","tag-mission-economique-et-commerciale-en-roumanie","tag-riafpi","tag-roumanie"],"jetpack_featured_media_url":"https:\/\/riafpi.org\/wp-content\/uploads\/2024\/12\/mission-economique-et-commerciale-de-oif-en-roumanie-riafpi-27-au-29-mars-2024-riafpi-1.jpeg","jetpack_sharing_enabled":true,"_links":{"self":[{"href":"https:\/\/riafpi.org\/index.php?rest_route=\/wp\/v2\/posts\/2762","targetHints":{"allow":["GET"]}}],"collection":[{"href":"https:\/\/riafpi.org\/index.php?rest_route=\/wp\/v2\/posts"}],"about":[{"href":"https:\/\/riafpi.org\/index.php?rest_route=\/wp\/v2\/types\/post"}],"author":[{"embeddable":true,"href":"https:\/\/riafpi.org\/index.php?rest_route=\/wp\/v2\/users\/2"}],"replies":[{"embeddable":true,"href":"https:\/\/riafpi.org\/index.php?rest_route=%2Fwp%2Fv2%2Fcomments&post=2762"}],"version-history":[{"count":1,"href":"https:\/\/riafpi.org\/index.php?rest_route=\/wp\/v2\/posts\/2762\/revisions"}],"predecessor-version":[{"id":2774,"href":"https:\/\/riafpi.org\/index.php?rest_route=\/wp\/v2\/posts\/2762\/revisions\/2774"}],"wp:featuredmedia":[{"embeddable":true,"href":"https:\/\/riafpi.org\/index.php?rest_route=\/wp\/v2\/media\/2763"}],"wp:attachment":[{"href":"https:\/\/riafpi.org\/index.php?rest_route=%2Fwp%2Fv2%2Fmedia&parent=2762"}],"wp:term":[{"taxonomy":"category","embeddable":true,"href":"https:\/\/riafpi.org\/index.php?rest_route=%2Fwp%2Fv2%2Fcategories&post=2762"},{"taxonomy":"post_tag","embeddable":true,"href":"https:\/\/riafpi.org\/index.php?rest_route=%2Fwp%2Fv2%2Ftags&post=2762"}],"curies":[{"name":"wp","href":"https:\/\/api.w.org\/{rel}","templated":true}]}}