{"id":2924,"date":"2025-10-05T23:07:59","date_gmt":"2025-10-05T23:07:59","guid":{"rendered":"https:\/\/riafpi.org\/?p=2924"},"modified":"2025-10-13T20:41:17","modified_gmt":"2025-10-13T20:41:17","slug":"le-riafpi-participe-au-webinaire-de-lancement-de-la-plateforme-entreprises-en-francophonie-organise-par-loif","status":"publish","type":"post","link":"https:\/\/riafpi.org\/?p=2924","title":{"rendered":"Le RIAFPI participe au webinaire de lancement de la plateforme \u00ab Entreprises en Francophonie \u00bb organis\u00e9 par l\u2019OIF"},"content":{"rendered":"\n<p>Mardi 30 septembre 2025, de 14h30 \u00e0 16h30 (CET), le R\u00e9seau International des Agences Francophones de Promotion des Investissements (RIAFPI) a pris part au webinaire de lancement officiel de la plateforme \u201cEntreprises en Francophonie\u201d (<a href=\"https:\/\/entreprises.francophonie.org\">https:\/\/entreprises.francophonie.org<\/a>), organis\u00e9 par l\u2019Organisation Internationale de la Francophonie (OIF) \u00e0 travers sa Direction de la Francophonie \u00c9conomique et Num\u00e9rique (DFEN).<\/p>\n\n\n\n<p>Anim\u00e9e par Madame Sabrina Bandundi, cette rencontre virtuelle a rassembl\u00e9 pr\u00e8s de deux cents participants, dont de nombreux chef.fe.s d\u2019entreprises, repr\u00e9sentant la diversit\u00e9 et le dynamisme de la Francophonie \u00e9conomique.<\/p>\n\n\n\n<figure class=\"wp-block-image size-large\"><img loading=\"lazy\" decoding=\"async\" width=\"1024\" height=\"576\" src=\"https:\/\/riafpi.org\/wp-content\/uploads\/2025\/10\/paneelistes-webinaire-1024x576.jpg\" alt=\"\" class=\"wp-image-2923\" srcset=\"https:\/\/riafpi.org\/wp-content\/uploads\/2025\/10\/paneelistes-webinaire-1024x576.jpg 1024w, https:\/\/riafpi.org\/wp-content\/uploads\/2025\/10\/paneelistes-webinaire-300x169.jpg 300w, https:\/\/riafpi.org\/wp-content\/uploads\/2025\/10\/paneelistes-webinaire-768x432.jpg 768w, https:\/\/riafpi.org\/wp-content\/uploads\/2025\/10\/paneelistes-webinaire-1536x864.jpg 1536w, https:\/\/riafpi.org\/wp-content\/uploads\/2025\/10\/paneelistes-webinaire-350x196.jpg 350w, https:\/\/riafpi.org\/wp-content\/uploads\/2025\/10\/paneelistes-webinaire.jpg 1920w\" sizes=\"(max-width: 1024px) 100vw, 1024px\" \/><\/figure>\n\n\n\n<h3 class=\"wp-block-heading\">Une plateforme au service de la coop\u00e9ration \u00e9conomique francophone<\/h3>\n\n\n\n<p>D\u00e9velopp\u00e9e en r\u00e9ponse aux besoins exprim\u00e9s par les entreprises lors des Missions \u00e9conomiques de la Francophonie, la plateforme \u201cEntreprises en Francophonie\u201d constitue une innovation majeure de l\u2019OIF dans son offre d\u2019accompagnement en faveur des PME francophones en qu\u00eate de croissance \u00e0 l\u2019international.<\/p>\n\n\n\n<p>V\u00e9ritable espace collaboratif, elle vise \u00e0 stimuler les partenariats d\u2019affaires, le r\u00e9seautage, le renforcement des capacit\u00e9s et la valorisation des opportunit\u00e9s \u00e9conomiques au sein de l\u2019espace francophone. Elle s\u2019inscrit dans le cadre du projet \u201cPromotion des \u00e9changes \u00e9conomiques et commerciaux francophones\u201d et a \u00e9t\u00e9 co-construite avec les r\u00e9seaux \u00e9conomiques partenaires de l\u2019OIF, notamment la CPCCAF (Conf\u00e9rence Permanente des Chambres Consulaires Africaines et Francophones) et le RIAFPI.<\/p>\n\n\n\n<h3 class=\"wp-block-heading\">Des synergies renforc\u00e9es entre acteurs institutionnels et \u00e9conomiques<\/h3>\n\n\n\n<p>Au-del\u00e0 de la pr\u00e9sentation des fonctionnalit\u00e9s de la plateforme, le lancement a permis un \u00e9change strat\u00e9gique de haut niveau entre :<\/p>\n\n\n\n<ul class=\"wp-block-list\">\n<li><strong>Madame Florence Brillouin<\/strong>, Directrice de la Francophonie \u00c9conomique et Num\u00e9rique (OIF),<\/li>\n\n\n\n<li><strong>Monsieur Ghislain Moandza Mboma<\/strong>, Directeur G\u00e9n\u00e9ral de l\u2019ANPI-Gabon et Pr\u00e9sident du RIAFPI,<\/li>\n\n\n\n<li>et <strong>Madame Estelle Gillot-Valet<\/strong>, D\u00e9l\u00e9gu\u00e9e g\u00e9n\u00e9rale de la CPCCAF.<\/li>\n<\/ul>\n\n\n\n<p>Ce dialogue a mis en lumi\u00e8re les synergies d\u2019action entre l\u2019OIF et les r\u00e9seaux \u00e9conomiques francophones dans le soutien \u00e0 l\u2019internationalisation des PME.<\/p>\n\n\n\n<p>Des entrepreneurs francophones ont \u00e9galement pris la parole, notamment Monsieur Thierry Louis Ekpaou Awesso, Pr\u00e9sident Directeur G\u00e9n\u00e9ral de NIOTO SA (Togo), et Madame Pascaline Agassounon, Pr\u00e9sidente fondatrice de Guidafrica.com (B\u00e9nin), pour partager leurs exp\u00e9riences et leurs attentes vis-\u00e0-vis d\u2019un meilleur alignement entre les actions institutionnelles et les besoins concrets du terrain.<\/p>\n\n\n\n<figure class=\"wp-block-image size-large\"><img loading=\"lazy\" decoding=\"async\" width=\"1024\" height=\"561\" src=\"https:\/\/riafpi.org\/wp-content\/uploads\/2025\/10\/WhatsApp-Image-2025-10-07-at-10.31.36-1024x561.jpeg\" alt=\"\" class=\"wp-image-2929\" srcset=\"https:\/\/riafpi.org\/wp-content\/uploads\/2025\/10\/WhatsApp-Image-2025-10-07-at-10.31.36-1024x561.jpeg 1024w, https:\/\/riafpi.org\/wp-content\/uploads\/2025\/10\/WhatsApp-Image-2025-10-07-at-10.31.36-300x164.jpeg 300w, https:\/\/riafpi.org\/wp-content\/uploads\/2025\/10\/WhatsApp-Image-2025-10-07-at-10.31.36-768x421.jpeg 768w, https:\/\/riafpi.org\/wp-content\/uploads\/2025\/10\/WhatsApp-Image-2025-10-07-at-10.31.36-1536x842.jpeg 1536w, https:\/\/riafpi.org\/wp-content\/uploads\/2025\/10\/WhatsApp-Image-2025-10-07-at-10.31.36.jpeg 1596w\" sizes=\"(max-width: 1024px) 100vw, 1024px\" \/><\/figure>\n\n\n\n<h3 class=\"wp-block-heading\">Un espace collaboratif pour informer, former et connecter<\/h3>\n\n\n\n<p>Accessible depuis <a href=\"https:\/\/entreprises.francophonie.org\">https:\/\/entreprises.francophonie.org<\/a>, la plateforme offre un acc\u00e8s gratuit et s\u00e9curis\u00e9 \u00e0 plusieurs services cl\u00e9s destin\u00e9s \u00e0 favoriser la mont\u00e9e en comp\u00e9tence et la mise en relation des entreprises francophones :<\/p>\n\n\n\n<ul class=\"wp-block-list\">\n<li><strong>Information<\/strong> : centre de ressources rassemblant des donn\u00e9es \u00e9conomiques, sectorielles et r\u00e9gionales ;<\/li>\n\n\n\n<li><strong>Formation<\/strong> : outils d\u2019accompagnement pratique, webinaires et modules d\u2019autodiagnostic ;<\/li>\n\n\n\n<li><strong>Connexion<\/strong> : r\u00e9seau d\u2019experts, contacts d\u2019affaires, opportunit\u00e9s de coop\u00e9ration et calendrier d\u2019\u00e9v\u00e9nements \u00e9conomiques.<\/li>\n<\/ul>\n\n\n\n<p>Dans un premier temps, l\u2019acc\u00e8s est r\u00e9serv\u00e9 aux entreprises participantes aux Missions \u00e9conomiques de la Francophonie, avant une ouverture plus large pr\u00e9vue en 2026.<\/p>\n\n\n\n<h3 class=\"wp-block-heading\">Le r\u00f4le cl\u00e9 du RIAFPI dans le d\u00e9ploiement de la plateforme<\/h3>\n\n\n\n<p>Lors de la table ronde, Monsieur Ghislain Moandza Mboma, Pr\u00e9sident du RIAFPI, a soulign\u00e9 le r\u00f4le strat\u00e9gique des agences de promotion des investissements (API) dans l\u2019animation de cet \u00e9cosyst\u00e8me num\u00e9rique francophone.<br>Selon lui, le num\u00e9rique constitue une opportunit\u00e9 sans pr\u00e9c\u00e9dent pour connecter les entreprises, faciliter l\u2019acc\u00e8s \u00e0 l\u2019information, et valoriser les march\u00e9s \u00e9mergents de l\u2019espace francophone.<\/p>\n\n\n\n<p>Le RIAFPI, en tant que partenaire institutionnel de l\u2019OIF, accompagnera le d\u00e9ploiement et la valorisation de la plateforme aupr\u00e8s de ses membres, contribuant ainsi \u00e0 renforcer la coop\u00e9ration \u00e9conomique interagences et \u00e0 favoriser l\u2019int\u00e9gration des PME dans les dynamiques r\u00e9gionales et internationales d\u2019investissement.<\/p>\n\n\n\n<h3 class=\"wp-block-heading\">Une \u00e9tape d\u00e9cisive vers une Francophonie \u00e9conomique connect\u00e9e<\/h3>\n\n\n\n<p>La participation du RIAFPI \u00e0 ce lancement illustre sa volont\u00e9 de soutenir les initiatives num\u00e9riques francophones visant \u00e0 stimuler la comp\u00e9titivit\u00e9 et la visibilit\u00e9 des entreprises.<br>En s\u2019associant \u00e0 l\u2019OIF et \u00e0 ses partenaires, le r\u00e9seau confirme son r\u00f4le de catalyseur du d\u00e9veloppement \u00e9conomique francophone, au service d\u2019une Francophonie des affaires plus inclusive, collaborative et innovante. Pour en savoir plus : <a href=\"https:\/\/entreprises.francophonie.org\">https:\/\/entreprises.francophonie.org<\/a><\/p>\n","protected":false},"excerpt":{"rendered":"<p>Mardi 30 septembre 2025, de 14h30 \u00e0 16h30 (CET), le R\u00e9seau International des Agences Francophones de Promotion des Investissements (RIAFPI) a pris part au webinaire de lancement officiel de la plateforme \u201cEntreprises en Francophonie\u201d (https:\/\/entreprises.francophonie.org), organis\u00e9 par l\u2019Organisation Internationale de la Francophonie (OIF) \u00e0 travers sa Direction de la Francophonie \u00c9conomique et Num\u00e9rique (DFEN). Anim\u00e9e par Madame Sabrina Bandundi, cette &hellip; <\/p>\n","protected":false},"author":2,"featured_media":2923,"comment_status":"open","ping_status":"open","sticky":false,"template":"","format":"standard","meta":{"saved_in_kubio":false,"give_campaign_id":0,"ngg_post_thumbnail":0,"_jetpack_memberships_contains_paid_content":false,"footnotes":""},"categories":[6,8],"tags":[],"class_list":["post-2924","post","type-post","status-publish","format-standard","has-post-thumbnail","hentry","category-a-la-une","category-activites-de-visibilite-et-plaidoyer"],"jetpack_featured_media_url":"https:\/\/riafpi.org\/wp-content\/uploads\/2025\/10\/paneelistes-webinaire.jpg","jetpack_sharing_enabled":true,"_links":{"self":[{"href":"https:\/\/riafpi.org\/index.php?rest_route=\/wp\/v2\/posts\/2924","targetHints":{"allow":["GET"]}}],"collection":[{"href":"https:\/\/riafpi.org\/index.php?rest_route=\/wp\/v2\/posts"}],"about":[{"href":"https:\/\/riafpi.org\/index.php?rest_route=\/wp\/v2\/types\/post"}],"author":[{"embeddable":true,"href":"https:\/\/riafpi.org\/index.php?rest_route=\/wp\/v2\/users\/2"}],"replies":[{"embeddable":true,"href":"https:\/\/riafpi.org\/index.php?rest_route=%2Fwp%2Fv2%2Fcomments&post=2924"}],"version-history":[{"count":4,"href":"https:\/\/riafpi.org\/index.php?rest_route=\/wp\/v2\/posts\/2924\/revisions"}],"predecessor-version":[{"id":2930,"href":"https:\/\/riafpi.org\/index.php?rest_route=\/wp\/v2\/posts\/2924\/revisions\/2930"}],"wp:featuredmedia":[{"embeddable":true,"href":"https:\/\/riafpi.org\/index.php?rest_route=\/wp\/v2\/media\/2923"}],"wp:attachment":[{"href":"https:\/\/riafpi.org\/index.php?rest_route=%2Fwp%2Fv2%2Fmedia&parent=2924"}],"wp:term":[{"taxonomy":"category","embeddable":true,"href":"https:\/\/riafpi.org\/index.php?rest_route=%2Fwp%2Fv2%2Fcategories&post=2924"},{"taxonomy":"post_tag","embeddable":true,"href":"https:\/\/riafpi.org\/index.php?rest_route=%2Fwp%2Fv2%2Ftags&post=2924"}],"curies":[{"name":"wp","href":"https:\/\/api.w.org\/{rel}","templated":true}]}}