{"id":396,"date":"2021-12-10T09:45:40","date_gmt":"2021-12-10T08:45:40","guid":{"rendered":"https:\/\/riafpi.org\/lorem-ipsum-3\/"},"modified":"2023-02-10T14:14:57","modified_gmt":"2023-02-10T14:14:57","slug":"conference-annuelle-du-riafpi-du-10-au-11-mars-2016-a-abidjan","status":"publish","type":"post","link":"https:\/\/riafpi.org\/?p=396","title":{"rendered":"Conf\u00e9rence Annuelle du RIAFPI du 10 au 11 mars 2016 \u00e0 Abidjan"},"content":{"rendered":"\n<p>La Premi\u00e8re Conf\u00e9rence Annuelle du RIAFPI se d\u00e9roule les 10 et 11 mars 2016 \u00e0 Abidjan. Le th\u00e8me est \u00ab\u00a0Int\u00e9gration et Francophonie Economique : Quelle contribution des Agences de Promotion des Investissements ?\u00a0\u00bb<\/p>\n\n\n\n\n\n<h2 class=\"wp-block-heading\">La Francophonie Economique au coeur des \u00e9changes<\/h2>\n\n\n\n<h3 class=\"wp-block-heading\">La Conf\u00e9rence Inaugurale<\/h3>\n\n\n\n<p class=\"has-kubio-color-6-color has-text-color\">La Conf\u00e9rence Inaugurale a permis de rassembler les conf\u00e9renciers et l&rsquo;audience autour du th\u00e8me suivant : \u00ab\u00a0Francophonie \u00e9conomique face aux enjeux du d\u00e9veloppement durable\u00a0\u00bb.<br>Les conf\u00e9renciers \u00e9taient:<\/p>\n\n\n\n<ul class=\"has-kubio-color-6-color has-text-color wp-block-list\">\n<li>Dr Denis GNANZOU, Directeur G\u00e9n\u00e9ral du D\u00e9veloppement Durable, repr\u00e9sentant Monsieur le Ministre de l\u2019Environnement et du D\u00e9veloppement Durable;<\/li>\n\n\n\n<li>Monsieur MONCEF Follain, Conseiller Economie et D\u00e9veloppement Durable au cabinet de la Secr\u00e9taire G\u00e9n\u00e9rale de la Francophonie, Repr\u00e9sentant de l&rsquo;Administrateur de l&rsquo;OIF<\/li>\n\n\n\n<li>Et le mod\u00e9rateur : Monsieur Philippe YVERGNIAUX, Directeur de la Coop\u00e9ration Internationale, Repr\u00e9sentant de Busines -France<\/li>\n<\/ul>\n\n\n\n<p class=\"has-kubio-color-6-color has-text-color\">La pr\u00e9sentation des conf\u00e9renciers a permis d&rsquo;aborder les points suivants :<\/p>\n\n\n\n<ul class=\"has-kubio-color-6-color has-text-color wp-block-list\">\n<li> La volont\u00e9 affirm\u00e9e de cr\u00e9er un espace Economique Francophone par les Etats membres de la Francophonie;<\/li>\n\n\n\n<li>Le D\u00e9veloppement Durable dans l&rsquo;Espace Economique Francophone est une vraie interrogation;<\/li>\n\n\n\n<li>L&rsquo;appr\u00e9hension de l&rsquo;Espace Economique Frrancophone avec davantage de responsabilit\u00e9s;<\/li>\n\n\n\n<li>Les avantages de l&rsquo;enracinement du D\u00e9veloppement Durable dans l&rsquo;Espace Economique Francophone<\/li>\n<\/ul>\n\n\n\n<p class=\"has-kubio-color-6-color has-text-color\">A l&rsquo;issue de cette pr\u00e9sentation, une session de questions \/ r\u00e9ponses a eu lieu.<\/p>\n\n\n\nngg_shortcode_0_placeholder\n\n\n\n<h3 class=\"wp-block-heading\">Panel 1 : Quelle strat\u00e9gie pour la transformation structurelle, \u00e9conomique et r\u00e9gionale des pays francophones ?<\/h3>\n\n\n\n<p class=\"has-kubio-color-6-color has-text-color\">Le Panel 1 de la Conf\u00e9rence Annuelle du RIAFPI a d\u00e9but\u00e9 \u00e0 15h00 sur le th\u00e8me : \u00ab\u00a0Quelle strat\u00e9gie pour la transformation structurelle, \u00e9conomique et r\u00e9gionale des pays francophones ?\u00a0\u00bb<\/p>\n\n\n\n<p class=\"has-kubio-color-6-color has-text-color\">Au titre des pan\u00e9listes, on cite : <\/p>\n\n\n\n<ul class=\"has-kubio-color-6-color has-text-color wp-block-list\">\n<li>M Gabriel MOUGANI, Chef Economiste, Int\u00e9gration R\u00e9gionale \u00e0 la BAD;<\/li>\n\n\n\n<li>M. GNAMIEN N\u2019DRI Guillaume, Directeur de Cabinet du Ministre de l\u2019Industrie et des Mines;<\/li>\n\n\n\n<li>Dr DIARRA Ibrahim, Directeur du CIRES;<\/li>\n\n\n\n<li>et M. Moussa TOURE, Directeur de l&rsquo;API Mali comme mod\u00e9rateur.<\/li>\n<\/ul>\n\n\n\nngg_shortcode_1_placeholder\n\n\n\n<h3 class=\"wp-block-heading\">Panel 2 : Les APIs dans la francophonie \u00e9conomique : d\u00e9fis et perspectives<\/h3>\n\n\n\n<p class=\"has-kubio-color-6-color has-text-color\">Le Panel 2 de la Conf\u00e9rence Annuelle du RIAFPI a commenc\u00e9 \u00e0 16h30 et a port\u00e9 sur le th\u00e8me suivant : \u00a0\u00bb Les APIs dans la francophonie \u00e9conomique : d\u00e9fis et perspectives\u00a0\u00bb.<br>Au titre des pan\u00e9listes \u00e9taient pr\u00e9sents :<\/p>\n\n\n\n<ul class=\"has-kubio-color-6-color has-text-color wp-block-list\">\n<li>Mme Khady DIALLO, Secr\u00e9taire G\u00e9n\u00e9rale de la Commission Nationale de la Francophonie,<\/li>\n\n\n\n<li>M. Philippe BRIZOUA, Directeur National de la BRVM,<\/li>\n\n\n\n<li>M. Dramane Gon Coulibaly, Associate Director ERNST &amp; YOUNG,<\/li>\n\n\n\n<li>Le mod\u00e9rateur du panel est Mme Bintou DIALLO \u00e9pouse BARRO, Directeur G\u00e9n\u00e9ral de l&rsquo;API-BF<\/li>\n<\/ul>\n\n\n\nngg_shortcode_2_placeholder\n\n\n\n<h3 class=\"wp-block-heading\">Panel 3 : R\u00f4le des Femmes et des jeunes dans le processus de la francophonie \u00e9conomique<\/h3>\n\n\n\n<p class=\"has-kubio-color-6-color has-text-color\">Le Panel 3 de la Conf\u00e9rence Annuelle du RIAFPI a commenc\u00e9 \u00e0 17h40 et portait sur le th\u00e8me suivant : \u00ab\u00a0R\u00f4le des Femmes et des jeunes dans le processus de la francophonie \u00e9conomique\u00a0\u00bb.<br>Au titre des pan\u00e9listes :<\/p>\n\n\n\n<ul class=\"has-kubio-color-6-color has-text-color wp-block-list\">\n<li>M. Sidi Tiemoko Tour\u00e9, Ministre aupr\u00e8s du Pr\u00e9sident de la R\u00e9publique, charg\u00e9 de la Promotion de la Jeunesse et de l&rsquo;Emploi des Jeunes repr\u00e9sent\u00e9 par M. Nazeri Coulibaly, Directeur de Cabinet,<\/li>\n\n\n\n<li>Mme Dao Gabala Mariam, Pr\u00e9sidente des Femmes Leaders de C\u00f4te d&rsquo;Ivoire,<\/li>\n\n\n\n<li>M. Dramane Haidaea, Directeur Bureau de pays de l&rsquo;OIT \u00e0 Abidjan.<\/li>\n\n\n\n<li>Le mod\u00e9rateur \u00e9tait Mme Sijilmassi Idrissi, Chef du d\u00e9partement des relations internationales de l&rsquo;AMDI&nbsp;<\/li>\n<\/ul>\n\n\n\nngg_shortcode_3_placeholder\n\n\n\n<p><\/p>\n","protected":false},"excerpt":{"rendered":"<p>La Premi\u00e8re Conf\u00e9rence Annuelle du RIAFPI se d\u00e9roule les 10 et 11 mars 2016 \u00e0 Abidjan. Le th\u00e8me est \u00ab\u00a0Int\u00e9gration et Francophonie Economique : Quelle contribution des Agences de Promotion des Investissements ?\u00a0\u00bb<\/p>\n","protected":false},"author":1,"featured_media":696,"comment_status":"closed","ping_status":"closed","sticky":false,"template":"","format":"standard","meta":{"saved_in_kubio":false,"give_campaign_id":0,"ngg_post_thumbnail":0,"_jetpack_memberships_contains_paid_content":false,"footnotes":""},"categories":[6,9],"tags":[14,21,22,23,29],"class_list":["post-396","post","type-post","status-publish","format-standard","has-post-thumbnail","hentry","category-a-la-une","category-activites-statutaires","tag-abidjan","tag-conference-annuelle-riafpi","tag-conference-annuelle-riafpi-2016","tag-cote-divoire","tag-riafpi"],"jetpack_featured_media_url":"https:\/\/riafpi.org\/wp-content\/uploads\/2023\/01\/premiere-conference-annuelle-riafpi-2016-panel-2-1.jpeg","jetpack_sharing_enabled":true,"_links":{"self":[{"href":"https:\/\/riafpi.org\/index.php?rest_route=\/wp\/v2\/posts\/396","targetHints":{"allow":["GET"]}}],"collection":[{"href":"https:\/\/riafpi.org\/index.php?rest_route=\/wp\/v2\/posts"}],"about":[{"href":"https:\/\/riafpi.org\/index.php?rest_route=\/wp\/v2\/types\/post"}],"author":[{"embeddable":true,"href":"https:\/\/riafpi.org\/index.php?rest_route=\/wp\/v2\/users\/1"}],"replies":[{"embeddable":true,"href":"https:\/\/riafpi.org\/index.php?rest_route=%2Fwp%2Fv2%2Fcomments&post=396"}],"version-history":[{"count":1,"href":"https:\/\/riafpi.org\/index.php?rest_route=\/wp\/v2\/posts\/396\/revisions"}],"predecessor-version":[{"id":1730,"href":"https:\/\/riafpi.org\/index.php?rest_route=\/wp\/v2\/posts\/396\/revisions\/1730"}],"wp:featuredmedia":[{"embeddable":true,"href":"https:\/\/riafpi.org\/index.php?rest_route=\/wp\/v2\/media\/696"}],"wp:attachment":[{"href":"https:\/\/riafpi.org\/index.php?rest_route=%2Fwp%2Fv2%2Fmedia&parent=396"}],"wp:term":[{"taxonomy":"category","embeddable":true,"href":"https:\/\/riafpi.org\/index.php?rest_route=%2Fwp%2Fv2%2Fcategories&post=396"},{"taxonomy":"post_tag","embeddable":true,"href":"https:\/\/riafpi.org\/index.php?rest_route=%2Fwp%2Fv2%2Ftags&post=396"}],"curies":[{"name":"wp","href":"https:\/\/api.w.org\/{rel}","templated":true}]}}