{"id":397,"date":"2021-12-10T09:45:39","date_gmt":"2021-12-10T08:45:39","guid":{"rendered":"https:\/\/riafpi.org\/lorem-ipsum-2\/"},"modified":"2023-02-10T13:58:21","modified_gmt":"2023-02-10T13:58:21","slug":"ceremonie-d-ouverture-de-la-premiere-conference-annuelle-du-riafpi-a-abidjan-2","status":"publish","type":"post","link":"https:\/\/riafpi.org\/?p=397","title":{"rendered":"C\u00e9r\u00e9monie d&rsquo;ouverture de la premi\u00e8re Conf\u00e9rence Annuelle du RIAFPI \u00e0 Abidjan"},"content":{"rendered":"\n<p class=\"has-kubio-color-6-color has-text-color\">La C\u00e9r\u00e9monie d&rsquo;ouverture de la Conf\u00e9rence Annuelle 2016 du R\u00e9seau International des Agences Francophones de Promotion des Investissements (RIAFPI) se tient ce 10 mars 2016 \u00e0 Abidjan. <\/p>\n\n\n\n\n\n<h2 class=\"wp-block-heading\">La c\u00e9r\u00e9monie d&rsquo;ouverture de la Conf\u00e9rence Annuelle 2016 du RIAFPI <\/h2>\n\n\n\n<h3 class=\"wp-block-heading\">Une rencontre de haut niveau marquant l&rsquo;ambition du R\u00e9seau<\/h3>\n\n\n\n<p class=\"has-kubio-color-6-color has-text-color\">Ce 10 mars 2016, les membres du RIAFPI sont r\u00e9unis \u00e0 Abidjan pour la Conf\u00e9rence Annuelle du R\u00e9seau. Le  th\u00e8me choisi est \u00ab\u00a0Int\u00e9gration et Francophonie Economique : quelle contribution des Agences de Promotion des Investissements ?\u00a0\u00bb<\/p>\n\n\n\n<h4 class=\"wp-block-heading\">Une c\u00e9r\u00e9monie enregistrant la pr\u00e9sence des officiels<\/h4>\n\n\n\n<p class=\"has-kubio-color-6-color has-text-color\">Cette c\u00e9r\u00e9monie a \u00e9t\u00e9 marqu\u00e9e par la pr\u00e9sence de nombreux officiels \u00e0 savoir : <\/p>\n\n\n\n<ul class=\"has-kubio-color-6-color has-text-color wp-block-list\">\n<li>Le Premier Ministre, Ministre de l\u2019Economie, des Finances et du Budget, SEM Daniel Kablan DUNCAN;<\/li>\n\n\n\n<li>Le Repr\u00e9sentant de Madame la Secr\u00e9taire G\u00e9n\u00e9rale de l\u2019OIF, Monsieur MONCEF Follain, Conseiller Economie et D\u00e9veloppement Durable au cabinet de la Secr\u00e9taire G\u00e9n\u00e9rale de la Francophonie;<\/li>\n\n\n\n<li>Le Repr\u00e9sentant de SEM le Pr\u00e9sident de la R\u00e9publique de C\u00f4te d&rsquo;Ivoire \u00e0 la Francophonie, SEM Abdou TOURE;<\/li>\n\n\n\n<li>Le Ministre de la Culture et de la Francophonie, Monsieur Maurice Kouakou BANDAMA;<\/li>\n\n\n\n<li>Le Maire de la Commune de Cocody, Monsieur Mathias N&rsquo;GOUAN.<\/li>\n<\/ul>\n\n\n\n<h4 class=\"wp-block-heading\">Les membres du RIAFPI pr\u00e9sents<\/h4>\n\n\n\n<p class=\"has-kubio-color-6-color has-text-color\">Etaient pr\u00e9sents au titre des Agences de Promotions des Investissements membres du RIAFPI :<br>BENIN : Is deen Bouraima, Directeur G\u00e9n\u00e9ral de APIEX-BENIN<br>BURKINA FASO :  Bintou Diallo \u00e9pouse BARRO, Directeur G\u00e9n\u00e9ral de API BF<br>TCHAD: Dr GUEALBAYE Manasset, Directeur G\u00e9n\u00e9ral de ANIE du Tchad<br>FRANCE : Phillippe YVERGNIAUX, Directeur de la Coop\u00e9ration Internationale de Business France<br>GUINEE : Aissatou LY, Chef du D\u00e9partement Assistance Technique, Repr\u00e9sentant le Directeur G\u00e9n\u00e9ral de l&rsquo;APIP<br>MALO : Moussa TOURE, Directeur G\u00e9n\u00e9ral de l&rsquo;API du Mali,<br>MAROC : SIJILMASSI IDRISSI Safae, Chef du d\u00e9partement des relations internationales, Repr\u00e9sentant le Directeur G\u00e9n\u00e9ral de AMDI<br>RDC : ROBERT Moustafa, Directeur G\u00e9n\u00e9ral Adjoint, Repr\u00e9sentant le Directeur G\u00e9n\u00e9ral de l&rsquo;ANAPI<br>SENEGAL: Mamadou Lamine BAH\/ Directeur de l&rsquo;Environnement des Affaires, Repr\u00e9sentant le Directeur G\u00e9n\u00e9ral de l&rsquo;APIX<\/p>\n\n\n\n<h4 class=\"wp-block-heading\">Les observateurs pr\u00e9sents<\/h4>\n\n\n\n<p class=\"has-kubio-color-6-color has-text-color\">Au titre des observateurs, l&rsquo;Organisation Internationale de la Francophonie est repr\u00e9sent\u00e9e par M. MONCEF Follain, Conseiller Economie et D\u00e9veloppement Durable au cabinet de la Secr\u00e9taire G\u00e9n\u00e9rale de la Francophonie et M. Dong THE QUANG, Sp\u00e9cialiste de Programme \u00e0 l&rsquo;OIF.<\/p>\n\n\n\nngg_shortcode_0_placeholder\n\n\n\n<h3 class=\"wp-block-heading\">La francophonie \u00e9conomique au coeur des \u00e9changes<\/h3>\n\n\n\n<h4 class=\"wp-block-heading\">La C\u00f4te d&rsquo;Ivoire engag\u00e9e dans la francophonie \u00e9conomique <\/h4>\n\n\n\n<p class=\"has-kubio-color-6-color has-text-color\">Apr\u00e8s l&rsquo;entr\u00e9e artistique du \u00ab\u00a0Ma\u00eetre de la Parole\u00a0\u00bb, les diff\u00e9rentes allocutions se sont d\u00e9roul\u00e9es.<\/p>\n\n\n\n<p class=\"has-kubio-color-6-color has-text-color\">Tout d&rsquo;abord, Monsieur Mathias N&rsquo;GOUAN, Maire de Cocody, a souhait\u00e9 la traditionnelle bienvenue \u00e0 savoir \u00ab\u00a0Akwaba a l&rsquo;audience. Il a ensuite remerci\u00e9 le RIAFPI d&rsquo;avoir choisi la ville d&rsquo;Abidjan pour tenir cette premi\u00e8re Conf\u00e9rence Annuelle du RIAFPI.<\/p>\n\n\n\n<p class=\"has-kubio-color-6-color has-text-color\">Par la suite, Monsieur ESSIS Esmel Emmanuel, Pr\u00e9sident du RIAFPI, a indiqu\u00e9 que cette Conf\u00e9rence Annuelle s&rsquo;inscrit dans la dynamique de renforcer les relations entre les membres du r\u00e9seau. L&rsquo;objectif \u00e9tant de valoriser les axes de la Francophonie \u00e9conomique.<\/p>\n\n\n\n<p class=\"has-kubio-color-6-color has-text-color\">Monsieur Maurice Kouakou BANDAMA, Ministre de la Culture et de la Francophonie, a rappel\u00e9 l&rsquo;importance de la Francophonie dans l&rsquo;\u00e9conomie des Nations. En effet, la francophonie est au coeur du calendrier national ivoirien. Le 1er mars a vu la tenue de la Premi\u00e8re Conf\u00e9rence de lancement des Jeux de la Francophonie. Puis le 5 mars a marqu\u00e9 l&rsquo;ouverture du March\u00e9 des Arts et du Spectacle d&rsquo;Abidjan.  Enfin, ce 10 mars est l&rsquo;ouverture de la Conf\u00e9rence Annuelle du RIAFPI. Ces diff\u00e9rentes activit\u00e9s montrent que la C\u00f4te d&rsquo;Ivoire est impliqu\u00e9e dans le renforcement des liens entre les pays francophones. Il faut pr\u00e9ciser que c&rsquo;est le cas tant dans le domaine de la culture que de l&rsquo;\u00e9conomie.<\/p>\n\n\n\n<h4 class=\"wp-block-heading\">L&rsquo;OIF dispos\u00e9 \u00e0 accompagner le RIAFPI dans sa mission<\/h4>\n\n\n\n<p class=\"has-kubio-color-6-color has-text-color\">La Repr\u00e9sentant de Madame la Secr\u00e9taire G\u00e9n\u00e9rale de l\u2019OIF, Monsieur MONCEF Follain a indiqu\u00e9 que l&rsquo;OIF est heureuse d&rsquo;\u00eatre pr\u00e9sente. Cette rencontre est d\u00e9sign\u00e9e comme un pas vers la r\u00e9solution des engagements pris lors du dernier Sommet de la Francophonie de Dakar. Il faut en effet noter qu&rsquo;il s&rsquo;agit de renforcer la Francophonie \u00e9conomique. Par ailleurs, il a assur\u00e9 que l&rsquo;OIF est engag\u00e9e dans le soutien et l&rsquo;accompagnement de ses membres. Elle fait dans le but de renforcer les liens des r\u00e9seaux francophones. L&rsquo;OIF est donc dispos\u00e9 \u00e0 soutenir le RIAFPI  dans le respect des valeurs partag\u00e9s par les membres de l&rsquo;OIF. Il s&rsquo;agit notamment de la justice, du d\u00e9veloppement humain et de l&rsquo;\u00e9quit\u00e9.<\/p>\n\n\n\n<h4 class=\"wp-block-heading\">L&rsquo;ouverture de la Conf\u00e9rence Annuelle par le Premier Ministre de la C\u00f4te d&rsquo;Ivoire <\/h4>\n\n\n\n<p class=\"has-kubio-color-6-color has-text-color\">La c\u00e9r\u00e9monie s&rsquo;est termin\u00e9e par l&rsquo;allocution du Premier Ministre, Ministre de l\u2019Economie, des Finances et du Budget, SEM Daniel Kablan DUNCAN. Apr\u00e8s avoir souhait\u00e9 la Bienvenue aux participants \u00e0 la Conf\u00e9rence Annuelle du RIAFPI, il a rappel\u00e9 que la langue devient est un outil \u00ab\u00a0catalyseur\u00a0\u00bb pour l&rsquo;action \u00e9conomique. Selon lui, la C\u00f4te d&rsquo;Ivoire est consciente de la force et du poids de la Francophonie au niveau mondial. En effet, la zone francophone regorge d&rsquo;atouts. C&rsquo;est pourquoi, le pays a fait le choix de mettre le secteur priv\u00e9 au coeur de son d\u00e9veloppement en donnant une place importante \u00e0 l&rsquo;investissement priv\u00e9. Le CEPICI est l&rsquo;outil ivoirien pour coordonner et rationaliser toutes les initiatives en mati\u00e8re d\u2019attraction et de promotion des investissements nationaux et \u00e9trangers. C&rsquo;est donc tout naturellement que \u00ab\u00a0l\u2019id\u00e9e de regrouper des agences de promotion des investissements au sein du RIAFPI pour en faire le fer de lance de la francophonie \u00e9conomique apparait comme \u00e9tant la meilleure vitrine pour promouvoir une vision francophone du d\u00e9veloppement \u00e9conomique, de la lutte contre les in\u00e9galit\u00e9s et la pauvret\u00e9 dans l\u2019espace francophone\u00a0\u00bb.<\/p>\n\n\n\n<p class=\"has-kubio-color-6-color has-text-color\">On peut donc pr\u00e9ciser que le RIAFPI doit pouvoir trouver des solutions pour renforcer la francophonie \u00e9conomique. L&rsquo;initiative est donc a encourager afin que les participants aient des travaux fructueux.<br>Ces sur ces mots que la Conf\u00e9rence Annuelle du RIAFPI a \u00e9t\u00e9 ouverte.<\/p>\n\n\n\n<p class=\"has-kubio-color-6-color has-text-color\">Une photo de famille a \u00e9t\u00e9 prise avec les officiels, les membres du RIAFPI et les observateurs de l&rsquo;OIF.<\/p>\n","protected":false},"excerpt":{"rendered":"<p>La C\u00e9r\u00e9monie d&rsquo;ouverture de la Conf\u00e9rence Annuelle 2016 du R\u00e9seau International des Agences Francophones de Promotion des Investissements (RIAFPI) se tient ce 10 mars 2016 \u00e0 Abidjan. <\/p>\n","protected":false},"author":2,"featured_media":681,"comment_status":"closed","ping_status":"closed","sticky":false,"template":"","format":"standard","meta":{"saved_in_kubio":false,"give_campaign_id":0,"ngg_post_thumbnail":0,"_jetpack_memberships_contains_paid_content":false,"footnotes":""},"categories":[6,9],"tags":[14,20,23,28,29],"class_list":["post-397","post","type-post","status-publish","format-standard","has-post-thumbnail","hentry","category-a-la-une","category-activites-statutaires","tag-abidjan","tag-conference-annuelle","tag-cote-divoire","tag-oif","tag-riafpi"],"jetpack_featured_media_url":"https:\/\/riafpi.org\/wp-content\/uploads\/2023\/01\/conference-annuelle-2016-riafpi-ceremonie-de-lancement-12-2.jpeg","jetpack_sharing_enabled":true,"_links":{"self":[{"href":"https:\/\/riafpi.org\/index.php?rest_route=\/wp\/v2\/posts\/397","targetHints":{"allow":["GET"]}}],"collection":[{"href":"https:\/\/riafpi.org\/index.php?rest_route=\/wp\/v2\/posts"}],"about":[{"href":"https:\/\/riafpi.org\/index.php?rest_route=\/wp\/v2\/types\/post"}],"author":[{"embeddable":true,"href":"https:\/\/riafpi.org\/index.php?rest_route=\/wp\/v2\/users\/2"}],"replies":[{"embeddable":true,"href":"https:\/\/riafpi.org\/index.php?rest_route=%2Fwp%2Fv2%2Fcomments&post=397"}],"version-history":[{"count":2,"href":"https:\/\/riafpi.org\/index.php?rest_route=\/wp\/v2\/posts\/397\/revisions"}],"predecessor-version":[{"id":1689,"href":"https:\/\/riafpi.org\/index.php?rest_route=\/wp\/v2\/posts\/397\/revisions\/1689"}],"wp:featuredmedia":[{"embeddable":true,"href":"https:\/\/riafpi.org\/index.php?rest_route=\/wp\/v2\/media\/681"}],"wp:attachment":[{"href":"https:\/\/riafpi.org\/index.php?rest_route=%2Fwp%2Fv2%2Fmedia&parent=397"}],"wp:term":[{"taxonomy":"category","embeddable":true,"href":"https:\/\/riafpi.org\/index.php?rest_route=%2Fwp%2Fv2%2Fcategories&post=397"},{"taxonomy":"post_tag","embeddable":true,"href":"https:\/\/riafpi.org\/index.php?rest_route=%2Fwp%2Fv2%2Ftags&post=397"}],"curies":[{"name":"wp","href":"https:\/\/api.w.org\/{rel}","templated":true}]}}