{"id":772,"date":"2023-01-14T18:37:50","date_gmt":"2023-01-14T17:37:50","guid":{"rendered":"https:\/\/riafpi.org\/?p=772"},"modified":"2023-02-10T14:25:36","modified_gmt":"2023-02-10T14:25:36","slug":"comite-international-du-riafpi-en-marge-de-la-conference-annuelle-du-riafpi-2016","status":"publish","type":"post","link":"https:\/\/riafpi.org\/?p=772","title":{"rendered":"Comit\u00e9 International du RIAFPI en marge de la Conf\u00e9rence Annuelle du RIAFPI 2016"},"content":{"rendered":"\n<p class=\"has-kubio-color-6-color has-text-color\">Le Comit\u00e9 International du R\u00e9seau International des Agences Francophones de Promotion des Investissements (RIAFPI) s&rsquo;est tenue ce jeudi 10 mars 2016. Cette rencontre s&rsquo;est tenue en marge de la Conf\u00e9rence Annuelle 2016 du RIAFPI.<\/p>\n\n\n\n\n\n<h2 class=\"wp-block-heading\">Rencontre du Comit\u00e9 International<\/h2>\n\n\n\n<p class=\"has-kubio-color-6-color has-text-color\">Le jeudi 10 mars en marge de la Conf\u00e9rence Annuelle du RIAFPI s&rsquo;est tenue la rencontre du Comit\u00e9 International du RIAFPI. <\/p>\n\n\n\n<h3 class=\"wp-block-heading\">Une rencontre \u00e0 huis clos<\/h3>\n\n\n\n<p class=\"has-kubio-color-6-color has-text-color\">Cette rencontre qui s&rsquo;est tenue \u00e0 huis clos \u00e0 vue la participation de :<\/p>\n\n\n\n<ul class=\"has-kubio-color-6-color has-text-color wp-block-list\">\n<li>M. Essis Esmel Emmanuel, Pr\u00e9sident du Comit\u00e9 International du RIAFPI et Directeur G\u00e9n\u00e9ral du CEPICI;<\/li>\n\n\n\n<li>M. Hamid Benekafdil, Responsable zone Afrique du Nord et Directeur G\u00e9n\u00e9ral de l&rsquo;AMDI, Repr\u00e9sent\u00e9 par Mme Sijimassi Idrissi Safae, Chef du d\u00e9partement des relations internationales;<\/li>\n\n\n\n<li>Mme Muriel Penicaud, Responsable zone Europe et Directeur G\u00e9n\u00e9ral de Business France, Repr\u00e9sent\u00e9e par M. Phillippe Yvergniaux, Directeur de la Coop\u00e9ration Internationale;<\/li>\n\n\n\n<li>Mme Wivine Mumba, Responsable zone Afrique centrale et australe et Directeur G\u00e9n\u00e9ral de Agence Nationale pour la Promotion des Investissements\/RDC &#8211; anapi\/rd congo, Repr\u00e9sent\u00e9e par M. Robert Moustafa, Directeur G\u00e9n\u00e9ral Adjoint<\/li>\n\n\n\n<li>M. Moussa Tour\u00e9, Responsable zone Afrique de l&rsquo;Ouest et Directeur G\u00e9n\u00e9ral de l&rsquo;API du Mali;<\/li>\n\n\n\n<li>M. Moncef Follain, Observateur de l&rsquo;OIF et Conseiller Economie et D\u00e9veloppement durable au Cabinet de Madame la S\u00e9cr\u00e9taire G\u00e9n\u00e9rale de l&rsquo;Organisation internationale de la francophonie;<\/li>\n\n\n\n<li>M. Dong The Quang, Observateur de l&rsquo;OIF et Sp\u00e9cialiste de Programme \u00e0 l&rsquo;OIF<\/li>\n\n\n\n<li>M. Toihir Saidali Daoud, Responsable zone Afrique de l&rsquo;Est et Oc\u00e9an Indien et Directeur G\u00e9n\u00e9ral de l&rsquo;ANPI du Comores n&rsquo;a pu effectuer le d\u00e9placement et se faire repr\u00e9senter.<\/li>\n<\/ul>\n\n\n\nngg_shortcode_0_placeholder\n\n\n\n<h3 class=\"wp-block-heading\">A propos du Comit\u00e9 International<\/h3>\n\n\n\n<p class=\"has-kubio-color-6-color has-text-color\">Le Comit\u00e9 International est l\u2019organe de gestion de la politique du RIAFPI. Son Pr\u00e9sident, en qualit\u00e9 de Pr\u00e9sident du R\u00e9seau, est le porte-parole et le repr\u00e9sentant officiel du R\u00e9seau au niveau International.&nbsp;<\/p>\n\n\n\n<p class=\"has-kubio-color-6-color has-text-color\">Le Pr\u00e9sident du Comit\u00e9 International a d\u2019une fa\u00e7on g\u00e9n\u00e9rale, les pouvoirs les plus \u00e9tendus pour agir au nom du R\u00e9seau.&nbsp;<\/p>\n\n\n\n<p class=\"has-kubio-color-6-color has-text-color\">Le Comit\u00e9 International se r\u00e9unit pour \u00e9changer sur le programme d&rsquo;activit\u00e9s et identifier les axes prioritaires strat\u00e9giques. <\/p>\n\n\n\n<p> <\/p>\n","protected":false},"excerpt":{"rendered":"<p>Le Comit\u00e9 International du R\u00e9seau International des Agences Francophones de Promotion des Investissements (RIAFPI) s&rsquo;est tenue ce jeudi 10 mars 2016. Cette rencontre s&rsquo;est tenue en marge de la Conf\u00e9rence Annuelle 2016 du RIAFPI.<\/p>\n","protected":false},"author":1,"featured_media":784,"comment_status":"closed","ping_status":"open","sticky":false,"template":"","format":"standard","meta":{"saved_in_kubio":false,"give_campaign_id":0,"ngg_post_thumbnail":0,"_jetpack_memberships_contains_paid_content":false,"footnotes":""},"categories":[6,7,9],"tags":[14,19,20,22,23,29],"class_list":["post-772","post","type-post","status-publish","format-standard","has-post-thumbnail","hentry","category-a-la-une","category-activites-administratives","category-activites-statutaires","tag-abidjan","tag-comite-international","tag-conference-annuelle","tag-conference-annuelle-riafpi-2016","tag-cote-divoire","tag-riafpi"],"jetpack_featured_media_url":"https:\/\/riafpi.org\/wp-content\/uploads\/2023\/01\/comite-international-du-riafpi-en-marge-de-la-conference-annuelle-du-riafpi-2016-1.jpeg","jetpack_sharing_enabled":true,"_links":{"self":[{"href":"https:\/\/riafpi.org\/index.php?rest_route=\/wp\/v2\/posts\/772","targetHints":{"allow":["GET"]}}],"collection":[{"href":"https:\/\/riafpi.org\/index.php?rest_route=\/wp\/v2\/posts"}],"about":[{"href":"https:\/\/riafpi.org\/index.php?rest_route=\/wp\/v2\/types\/post"}],"author":[{"embeddable":true,"href":"https:\/\/riafpi.org\/index.php?rest_route=\/wp\/v2\/users\/1"}],"replies":[{"embeddable":true,"href":"https:\/\/riafpi.org\/index.php?rest_route=%2Fwp%2Fv2%2Fcomments&post=772"}],"version-history":[{"count":2,"href":"https:\/\/riafpi.org\/index.php?rest_route=\/wp\/v2\/posts\/772\/revisions"}],"predecessor-version":[{"id":1754,"href":"https:\/\/riafpi.org\/index.php?rest_route=\/wp\/v2\/posts\/772\/revisions\/1754"}],"wp:featuredmedia":[{"embeddable":true,"href":"https:\/\/riafpi.org\/index.php?rest_route=\/wp\/v2\/media\/784"}],"wp:attachment":[{"href":"https:\/\/riafpi.org\/index.php?rest_route=%2Fwp%2Fv2%2Fmedia&parent=772"}],"wp:term":[{"taxonomy":"category","embeddable":true,"href":"https:\/\/riafpi.org\/index.php?rest_route=%2Fwp%2Fv2%2Fcategories&post=772"},{"taxonomy":"post_tag","embeddable":true,"href":"https:\/\/riafpi.org\/index.php?rest_route=%2Fwp%2Fv2%2Ftags&post=772"}],"curies":[{"name":"wp","href":"https:\/\/api.w.org\/{rel}","templated":true}]}}