{"id":797,"date":"2023-01-14T19:02:19","date_gmt":"2023-01-14T18:02:19","guid":{"rendered":"https:\/\/riafpi.org\/?p=797"},"modified":"2023-02-10T14:40:12","modified_gmt":"2023-02-10T14:40:12","slug":"signature-d-un-mou-entre-l-apip-guinee-et-le-cepici-cote-divoire","status":"publish","type":"post","link":"https:\/\/riafpi.org\/?p=797","title":{"rendered":"Signature d&rsquo;un MOU entre l&rsquo;APIP-Guin\u00e9e et le CEPICI de C\u00f4te d&rsquo;Ivoire"},"content":{"rendered":"\n<p class=\"has-kubio-color-6-color has-text-color\">L&rsquo;Agence de Promotion des Investissements Priv\u00e9s (APIP) de la Guin\u00e9e et le Centre de Promotion des Investissements de C\u00f4te d&rsquo;Ivoire (CEPICI) ont sign\u00e9s ce jour un Accord de Partenariat en vue de renforcer les liens de coop\u00e9ration \u00e9conomique entre les deux pays.<\/p>\n\n\n\n\n\n<h2 class=\"wp-block-heading\">Une Accord de Partenariat pour renforcer les liens \u00e9conomiques entre la Guin\u00e9e et la C\u00f4te d&rsquo;Ivoire<\/h2>\n\n\n\n<h3 class=\"wp-block-heading\">Un pas vers les relations \u00e9conomiques entre les membres <\/h3>\n\n\n\n<p class=\"has-kubio-color-6-color has-text-color\">Ce 22 mars 2016, l&rsquo;APIP Guin\u00e9e et le CEPICI ont sign\u00e9s un Accord de Partenariat (MOU). L&rsquo;objectif est de renforcer les liens de coop\u00e9ration \u00e9conomique entre les deux pays. La c\u00e9r\u00e9monie s&rsquo;est tenue en pr\u00e9sence de Son Excellence Madame Olga Syradin, Ambassadeur de la R\u00e9publique de Guin\u00e9e en C\u00f4te d&rsquo;Ivoire.<\/p>\n\n\n\n<p class=\"has-kubio-color-6-color has-text-color\">M. Gabriel Curtis, Directeur G\u00e9n\u00e9ral de l&rsquo;APIP a indiqu\u00e9 \u00eatre heureux de pouvoir signer ce MOU avec le CEPICI. En effet, le CEPICI a su collaborer avec l&rsquo;APIP Guin\u00e9e d\u00e8s la prise de fonction de M. Curtis lors de la premi\u00e8re Assembl\u00e9e G\u00e9n\u00e9rale du RIAFPI en mars 2014. Ce protocole d&rsquo;accord permettra \u00e0 l&rsquo;APIP d\u2019apprendre des bonnes pratiques du CEPICI, d&rsquo;\u00e9changer des informations et de faire de la promotion de nos pays.<br>Par ailleurs, la Guin\u00e9e est la porte ouverte vers l&rsquo;Union du Fleuve Mano et les pays de la CEDEAO. Monsieur Curtis se r\u00e9jouie donc des diff\u00e9rents axes de coop\u00e9rations qui pourront \u00eatre d\u00e9velopper entre le CEPICI et l&rsquo;APIP.<br>Il a par la suite f\u00e9licit\u00e9 M. Essis Esmel Emmanuel Directeur G\u00e9n\u00e9ral du CEPICI pour son action au sein du RIAFPI et du WAIPA et l&rsquo;a assur\u00e9 de son soutien dans la r\u00e9alisation des objectifs qui seront fix\u00e9s.Il a rappel\u00e9 que la coop\u00e9ration entre le CEPICI et l&rsquo;APIP a d\u00e9j\u00e0 commenc\u00e9 et se renforcera avec la venue de sa collaboratrice, Mlle Aissatou Ly d\u00e8s la semaine prochaine pour une mission d&rsquo;\u00e9tudes et de benchmark au CEPICI. Enfin, il invita le Directeur G\u00e9n\u00e9ral du CEPICI \u00e0 venir en Guin\u00e9e dans un futur proche pour une rencontre avec des hommes d&rsquo;affaires guin\u00e9ens.<\/p>\n\n\n\nngg_shortcode_0_placeholder\n\n\n\n<h3 class=\"wp-block-heading\">La coop\u00e9ration \u00e9conomique entre la C\u00f4te d&rsquo;Ivoire et la Guin\u00e9e<\/h3>\n\n\n\n<p class=\"has-kubio-color-6-color has-text-color\">SEMadame l&rsquo;Ambassadeur Olga Syradin a adress\u00e9 ses remerciements au nom de l\u2019Ambassade de Guin\u00e9e en C\u00f4te d&rsquo;Ivoire pour l\u2019accueil chaleureux et a transmis ses vives f\u00e9licitations pour cette initiative qui a pour objectif de renforcer la coop\u00e9ration entre les deux pays qui partagent les m\u00eames fronti\u00e8res et ont des cultures et des populations similaires. Son souhait \u00e9tant de voir se combler le d\u00e9ficit de coop\u00e9ration qui existe entre les deux pays, elle a donc indiqu\u00e9 qu&rsquo;elle se r\u00e9jouissait de l&rsquo;\u00e9volution rapide et forte de la coop\u00e9ration entre le CEPICI et l&rsquo;APIP pour la mise en place d&rsquo;actions concr\u00e8tes entre les deux pays.<\/p>\n\n\n\n<p class=\"has-kubio-color-6-color has-text-color\">M. Essis Emmanuel, Directeur G\u00e9n\u00e9ral du CEPICI a transmis ses remerciements et hommage \u00e0 SEMadame l&rsquo;Ambassadeur de Guin\u00e9e en C\u00f4te d&rsquo;Ivoire pour son action. Il a ensuite remercier M. Curtis pour la confiance qu&rsquo;il a \u00e0 l&rsquo;\u00e9gard du CEPICI et a \u00e9galement indiqu\u00e9 comme son homologue que le travail a effectivement commenc\u00e9 entre les deux structures.<br>Ce MOU sera donc un moyen de d\u00e9velopper la dynamique \u00e9conomique entre la C\u00f4te d&rsquo;Ivoire et la Guin\u00e9e, de trouver les moyens de mettre en avant les atouts de des pays et de rendre r\u00e9elle l&rsquo;int\u00e9gration africaine.<\/p>\n\n\n\n<p class=\"has-kubio-color-6-color has-text-color\">A l&rsquo;issue de la C\u00e9r\u00e9monie de signature de MOU entre le CEPICI et l&rsquo;APIP une photo de famille a \u00e9t\u00e9 prise.<\/p>\n","protected":false},"excerpt":{"rendered":"<p>L&rsquo;Agence de Promotion des Investissements Priv\u00e9s (APIP) de la Guin\u00e9e et le Centre de Promotion des Investissements de C\u00f4te d&rsquo;Ivoire (CEPICI) ont sign\u00e9s ce jour un Accord de Partenariat en vue de renforcer les liens de coop\u00e9ration \u00e9conomique entre les deux pays.<\/p>\n","protected":false},"author":2,"featured_media":806,"comment_status":"closed","ping_status":"open","sticky":false,"template":"","format":"standard","meta":{"saved_in_kubio":false,"give_campaign_id":0,"ngg_post_thumbnail":0,"_jetpack_memberships_contains_paid_content":false,"footnotes":""},"categories":[6,10,13],"tags":[14,16,18,23,26,29,30],"class_list":["post-797","post","type-post","status-publish","format-standard","has-post-thumbnail","hentry","category-a-la-une","category-actualites","category-signature-de-mou","tag-abidjan","tag-apip-guinee","tag-cepici","tag-cote-divoire","tag-guinee-conakry","tag-riafpi","tag-signature-de-mou"],"jetpack_featured_media_url":"https:\/\/riafpi.org\/wp-content\/uploads\/2023\/01\/signature-mou-cepici-et-apip-22-mars-2016-abidjan-1.jpeg","jetpack_sharing_enabled":true,"_links":{"self":[{"href":"https:\/\/riafpi.org\/index.php?rest_route=\/wp\/v2\/posts\/797","targetHints":{"allow":["GET"]}}],"collection":[{"href":"https:\/\/riafpi.org\/index.php?rest_route=\/wp\/v2\/posts"}],"about":[{"href":"https:\/\/riafpi.org\/index.php?rest_route=\/wp\/v2\/types\/post"}],"author":[{"embeddable":true,"href":"https:\/\/riafpi.org\/index.php?rest_route=\/wp\/v2\/users\/2"}],"replies":[{"embeddable":true,"href":"https:\/\/riafpi.org\/index.php?rest_route=%2Fwp%2Fv2%2Fcomments&post=797"}],"version-history":[{"count":4,"href":"https:\/\/riafpi.org\/index.php?rest_route=\/wp\/v2\/posts\/797\/revisions"}],"predecessor-version":[{"id":1764,"href":"https:\/\/riafpi.org\/index.php?rest_route=\/wp\/v2\/posts\/797\/revisions\/1764"}],"wp:featuredmedia":[{"embeddable":true,"href":"https:\/\/riafpi.org\/index.php?rest_route=\/wp\/v2\/media\/806"}],"wp:attachment":[{"href":"https:\/\/riafpi.org\/index.php?rest_route=%2Fwp%2Fv2%2Fmedia&parent=797"}],"wp:term":[{"taxonomy":"category","embeddable":true,"href":"https:\/\/riafpi.org\/index.php?rest_route=%2Fwp%2Fv2%2Fcategories&post=797"},{"taxonomy":"post_tag","embeddable":true,"href":"https:\/\/riafpi.org\/index.php?rest_route=%2Fwp%2Fv2%2Ftags&post=797"}],"curies":[{"name":"wp","href":"https:\/\/api.w.org\/{rel}","templated":true}]}}