{"id":946,"date":"2014-09-05T08:17:34","date_gmt":"2014-09-05T07:17:34","guid":{"rendered":"https:\/\/riafpi.org\/?p=1"},"modified":"2023-02-10T13:22:54","modified_gmt":"2023-02-10T13:22:54","slug":"age-du-riafpi-le-directeur-general-du-cepici-elu-president-du-reseau","status":"publish","type":"post","link":"https:\/\/riafpi.org\/?p=946","title":{"rendered":"AGE du RIAFPI : Le Directeur G\u00e9n\u00e9ral du CEPICI \u00e9lu Pr\u00e9sident du R\u00e9seau"},"content":{"rendered":"\n<p class=\"has-kubio-color-6-color has-text-color\">Le 17 mars 2014&nbsp;\u00e0 Abidjan, le Directeur G\u00e9n\u00e9ral du CEPICI a \u00e9t\u00e9 \u00e9lu Pr\u00e9sident du RIAFPI lors de l&rsquo;Assembl\u00e9e G\u00e9n\u00e9rale Extraordinaire.&nbsp;<\/p>\n\n\n\n\n\n<h2 class=\"wp-block-heading\">Election du Pr\u00e9sident du RIAFPI<\/h2>\n\n\n\n<h3 class=\"wp-block-heading\">La C\u00f4te d&rsquo;Ivoire prend la t\u00eate du r\u00e9seau pour 5 ans<\/h3>\n\n\n\n<p class=\"has-kubio-color-6-color has-text-color\">Ce 17 mars 2014, les membres du R\u00e9seau International des Agences Francophones de Promotion des Investissements (RIAFPI) se sont r\u00e9unis \u00e0 Abidjan pour l&rsquo;\u00e9lection du Pr\u00e9sident du R\u00e9seau. Essis Esmel Emmanuel, Directeur G\u00e9n\u00e9ral du CEPICI, est devenu le Pr\u00e9sident du Comit\u00e9 International pour une dur\u00e9e de 5 ans \u00e0 l&rsquo;issue de l&rsquo;Assembl\u00e9e G\u00e9n\u00e9rale Extraordinaire.&nbsp;<\/p>\n\n\n\n<p class=\"has-kubio-color-6-color has-text-color\">Le comit\u00e9 international se compose comme suit :&nbsp;<\/p>\n\n\n\n<ul class=\"has-kubio-color-6-color has-text-color wp-block-list\">\n<li>Pr\u00e9sidence : le Centre de Promotion des Investissement en C\u00f4te d\u2019Ivoire, repr\u00e9sent\u00e9 par son Directeur G\u00e9n\u00e9ral en exercice ;<\/li>\n\n\n\n<li>Repr\u00e9sentation de l\u2019Afrique Centrale et Australe : l&rsquo;agence ou la Structure en charge de la promotion des investissements en R\u00e9publique D\u00e9mocratique du Congo repr\u00e9sent\u00e9e par son Directeur G\u00e9n\u00e9ral en exercice ;<\/li>\n\n\n\n<li>Repr\u00e9sentation de l\u2019Afrique de l\u2019Ouest : l\u2019Agence de promotion des investissements du Mali repr\u00e9sent\u00e9e par son Directeur G\u00e9n\u00e9ral en exercice ;<\/li>\n\n\n\n<li>Repr\u00e9sentation de l\u2019Afrique du Nord : l&rsquo;Agence Marocaine de l\u2019lnvestissement et du D\u00e9veloppement lndustriel repr\u00e9sent\u00e9e par son Directeur G\u00e9n\u00e9ral en Exercice ;<\/li>\n\n\n\n<li>Repr\u00e9sentation de l\u2019Afrique de l\u2019Est et oc\u00e9an Indien : l&rsquo;Agence Nationale de Promotion des Investissements aux Comores repr\u00e9sent\u00e9e par son Directeur G\u00e9n\u00e9ral en exercice ;<\/li>\n\n\n\n<li>Repr\u00e9sentation de l\u2019 Europe : l&rsquo;Agence Fran\u00e7aises des Investissements Internationaux repr\u00e9sent\u00e9e par son Directeur G\u00e9n\u00e9ral en exercice ;<\/li>\n<\/ul>\n\n\n\n<h3 class=\"wp-block-heading\">Une Assembl\u00e9e G\u00e9n\u00e9rale Extraordinaire qui marque le lancement du R\u00e9seau<\/h3>\n\n\n\n<p class=\"has-kubio-color-6-color has-text-color\">Quatre ans apr\u00e8s sa cr\u00e9ation, les membres du RIAFPI se sont r\u00e9unis en assembl\u00e9e g\u00e9n\u00e9rale extraordinaire. L&rsquo;objectif de cette rencontre est la mise en place les diff\u00e9rents organes dirigeants du R\u00e9seau. A cet effet, les membres du Comit\u00e9 International et du Secr\u00e9tariat Ex\u00e9cutif ont \u00e9t\u00e9 \u00e9lus. Le Pr\u00e9sident \u00e9lu a indiqu\u00e9 que les premi\u00e8res actions seront des missions de benchmark pour faciliter les \u00e9changes entre APIs. &nbsp;<\/p>\n\n\n\nngg_shortcode_0_placeholder\n\n\n\n<h3 class=\"wp-block-heading\">17 membres, 3 partenaires et 2 observateurs pr\u00e9sents<\/h3>\n\n\n\n<h4 class=\"wp-block-heading\">Au titre des membres, \u00e9taient pr\u00e9sents<\/h4>\n\n\n\n<p class=\"has-kubio-color-6-color has-text-color\">BELGIQUE : Monsieur Thierry VAN DENKERCKHOVE, repr\u00e9sentant de Brussels Invest and Export (BIE) et de l&rsquo;Agence Wallonne \u00e0 l\u2019Exportation et aux Investissements Etrangers (AW EX).<\/p>\n\n\n\n<p class=\"has-kubio-color-6-color has-text-color\">BENIN<strong> : <\/strong>Monsieur ZlNSOU DE Tit\u00e9 Doroth\u00e9e, repr\u00e9sentant l\u2019Agence B\u00e9ninoise de Promotion des Echanges Commerciaux (ABePEC).<\/p>\n\n\n\n<p class=\"has-kubio-color-6-color has-text-color\">BURKINA FASO : Madame Bintou D lALLO \u00e9pouse BARRO, repr\u00e9sentant l\u2019Agence de Promotion des Investissements du Burkina Faso.<\/p>\n\n\n\n<p class=\"has-kubio-color-6-color has-text-color\">BURUNDI : Monsieur No\u00ebl NSHIM l RlMANA, repr\u00e9sentant de l\u2019Agence de Promotion des Investissements du Burundi.<\/p>\n\n\n\n<p class=\"has-kubio-color-6-color has-text-color\">CAMEROUN : Madame Marthe Angeline MINJA, repr\u00e9sentant l\u2019Agence&nbsp; de Promotion des Investissements du Cameroun (API) ;<\/p>\n\n\n\n<p class=\"has-kubio-color-6-color has-text-color\">COMORES :&nbsp; Monsieur DAOUD Said Ali TOIHIR, repr\u00e9sentant l\u2019Agence Nationale de Promotion des Investissements au Comores &#8211; Invest in Comoros.<\/p>\n\n\n\n<p class=\"has-kubio-color-6-color has-text-color\">CONGO (Brazzaville) :&nbsp; Monsieur Jean Pinda NIANGOULA, repr\u00e9sentant de la Direction G\u00e9n\u00e9rale de la Promotion du Secteur Priv\u00e9 du Congo (Brazzaville).<\/p>\n\n\n\n<p class=\"has-kubio-color-6-color has-text-color\">RD CONGO : Monsieur Adam Albert N\u2018TUMBA KILALA, repr\u00e9sentant de l\u2019Agence Nationale de Promotion des Investissements de la R\u00e9publique D\u00e9mocratique du Congo (ANAPI).<\/p>\n\n\n\n<p class=\"has-kubio-color-6-color has-text-color\">COTE D\u2019IVOIRE :&nbsp; Monsieur ESSIS Esmel Emmanuel, repr\u00e9sentant du Centre de Promotion des Investissements en C\u00f4te d\u2019Ivoire (CEPICI).<\/p>\n\n\n\n<p class=\"has-kubio-color-6-color has-text-color\">FRANCE : Monsieur Gilles DELA GUARDlA, repr\u00e9sentant de l\u2019Agence Fran\u00e7aise des Investissements Internationaux (AFlI).<\/p>\n\n\n\n<p class=\"has-kubio-color-6-color has-text-color\">GUINEE : Monsieur Gabriel CURTIS, repr\u00e9sentant de l\u2019Agence Nationale de la Promotion des Investissements priv\u00e9s en Guin\u00e9e (APIP).<\/p>\n\n\n\n<p class=\"has-kubio-color-6-color has-text-color\">GUINEE-BISSAU : Monsieur PlMENTEL Edouardo, repr\u00e9sentant de l&rsquo;Agence de Promotion des Investissements de la Guin\u00e9e- Bissau.<\/p>\n\n\n\n<p class=\"has-kubio-color-6-color has-text-color\">LlBAN : Monsieur ASSAMOUA Michel, repr\u00e9sentant de l\u2019Autorit\u00e9 de D\u00e9veloppement du Liban.<\/p>\n\n\n\n<p class=\"has-kubio-color-6-color has-text-color\">MALI : Monsieur Aboubacar MAIGA, repr\u00e9sentant de l\u2019Agence Nationale de Promotion des Investissements du Mali.<\/p>\n\n\n\n<p class=\"has-kubio-color-6-color has-text-color\">MAROC : Madame Safae IDRISSI SIJlLMASSI, repr\u00e9sentant de l\u2019Agence Marocaine de l\u2019Investissement et du D\u00e9veloppement lndustriel (AMDI).<\/p>\n\n\n\n<p class=\"has-kubio-color-6-color has-text-color\">NIGER : Monsieur Daouda MOUSSA, repr\u00e9sentant du Centre de Promotion des lnvestissements du Niger (CPl) ;<\/p>\n\n\n\n<p class=\"has-kubio-color-6-color has-text-color\">SENEGAL : Monsieur Mamadou Lamine BA, repr\u00e9sentant de l\u2019Agence de Promotion des Investissements et des Grands Travaux du S\u00e9n\u00e9gal (APIX-SA) ;<\/p>\n\n\n\n<h4 class=\"wp-block-heading\">Au titre des partenaires, \u00e9taient pr\u00e9sents<\/h4>\n\n\n\n<p class=\"has-kubio-color-6-color has-text-color\">La Banque Africaine de D\u00e9veloppement (BAD) repr\u00e9sent\u00e9e par Madame C\u00e9cile AMBERT.<\/p>\n\n\n\n<p class=\"has-kubio-color-6-color has-text-color\">L&rsquo;Organisation des Nations Unies pour le D\u00e9veloppement lndustriel (ONUDI) repr\u00e9sent\u00e9e par Madame Siham CHAFAK ;<\/p>\n\n\n\n<p class=\"has-kubio-color-6-color has-text-color\">L&rsquo;Organisation Internationale de la Francophonie (OIF) repr\u00e9sent\u00e9e par Madame Ang\u00e8le BONANE.<\/p>\n\n\n\n<h4 class=\"wp-block-heading\">En qualit\u00e9 d&rsquo;observateurs, \u00e9taient pr\u00e9sents<\/h4>\n\n\n\n<p class=\"has-kubio-color-6-color has-text-color\">La SUISSE :&nbsp; Madame Audrey MAIRE, repr\u00e9sentante de Switzerland Global Enterprise.<\/p>\n\n\n\n<p class=\"has-kubio-color-6-color has-text-color\">TUNIS lE :&nbsp; Monsieur Miez JRADI, repr\u00e9sentant de l\u2019Agence Tunisienne de la Promotion de l\u2019lndustrie et de l&rsquo;Innovation (APII).<\/p>\n","protected":false},"excerpt":{"rendered":"<p>Le 17 mars 2014 Abidjan,\u00a0le Directeur G\u00e9n\u00e9ral du CEPICI (C\u00f4te d&rsquo;Ivoire) a \u00e9t\u00e9 \u00e9lu Pr\u00e9sident du RIAFPI lors de l&rsquo;Assembl\u00e9e G\u00e9n\u00e9rale Extraordinaire.\u00a0<\/p>\n","protected":false},"author":1,"featured_media":652,"comment_status":"closed","ping_status":"closed","sticky":false,"template":"","format":"standard","meta":{"saved_in_kubio":false,"give_campaign_id":0,"ngg_post_thumbnail":0,"_jetpack_memberships_contains_paid_content":false,"footnotes":""},"categories":[6,9,10],"tags":[14,17,18,23,24,29],"class_list":["post-946","post","type-post","status-publish","format-standard","has-post-thumbnail","hentry","category-a-la-une","category-activites-statutaires","category-actualites","tag-abidjan","tag-assemblee-generale-extraordinaire","tag-cepici","tag-cote-divoire","tag-election-du-president","tag-riafpi"],"jetpack_featured_media_url":"https:\/\/riafpi.org\/wp-content\/uploads\/2014\/09\/assemblee-generale-extraordinaire-riafpi-election-du-president-du-riafpi-cepici-17-mars-2014-13.jpeg","jetpack_sharing_enabled":true,"_links":{"self":[{"href":"https:\/\/riafpi.org\/index.php?rest_route=\/wp\/v2\/posts\/946","targetHints":{"allow":["GET"]}}],"collection":[{"href":"https:\/\/riafpi.org\/index.php?rest_route=\/wp\/v2\/posts"}],"about":[{"href":"https:\/\/riafpi.org\/index.php?rest_route=\/wp\/v2\/types\/post"}],"author":[{"embeddable":true,"href":"https:\/\/riafpi.org\/index.php?rest_route=\/wp\/v2\/users\/1"}],"replies":[{"embeddable":true,"href":"https:\/\/riafpi.org\/index.php?rest_route=%2Fwp%2Fv2%2Fcomments&post=946"}],"version-history":[{"count":1,"href":"https:\/\/riafpi.org\/index.php?rest_route=\/wp\/v2\/posts\/946\/revisions"}],"predecessor-version":[{"id":1665,"href":"https:\/\/riafpi.org\/index.php?rest_route=\/wp\/v2\/posts\/946\/revisions\/1665"}],"wp:featuredmedia":[{"embeddable":true,"href":"https:\/\/riafpi.org\/index.php?rest_route=\/wp\/v2\/media\/652"}],"wp:attachment":[{"href":"https:\/\/riafpi.org\/index.php?rest_route=%2Fwp%2Fv2%2Fmedia&parent=946"}],"wp:term":[{"taxonomy":"category","embeddable":true,"href":"https:\/\/riafpi.org\/index.php?rest_route=%2Fwp%2Fv2%2Fcategories&post=946"},{"taxonomy":"post_tag","embeddable":true,"href":"https:\/\/riafpi.org\/index.php?rest_route=%2Fwp%2Fv2%2Ftags&post=946"}],"curies":[{"name":"wp","href":"https:\/\/api.w.org\/{rel}","templated":true}]}}