{"id":950,"date":"2023-01-14T18:11:08","date_gmt":"2023-01-14T17:11:08","guid":{"rendered":"https:\/\/riafpi.org\/?p=768"},"modified":"2023-02-10T14:23:19","modified_gmt":"2023-02-10T14:23:19","slug":"conference-annuelle-du-riafpi-2016-audience-avec-les-autorites-ivoiriennes","status":"publish","type":"post","link":"https:\/\/riafpi.org\/?p=950","title":{"rendered":"Conf\u00e9rence Annuelle du RIAFPI 2016 : Audience avec les Autorit\u00e9s ivoiriennes"},"content":{"rendered":"\n<p class=\"has-kubio-color-6-color has-text-color\">Le 11 mars 2016, la d\u00e9l\u00e9gation du RIAFPI a \u00e9t\u00e9 re\u00e7ue par les Autorit\u00e9s Ivoiriennes en marge de la Conf\u00e9rence Annuelle 2016. Retour sur les rencontres avec le Premier Ministre et le Ministre de la Culture et de la Francophonie de C\u00f4te d&rsquo;Ivoire. <\/p>\n\n\n\n\n\n<h2 class=\"wp-block-heading\">Audiences avec les autorit\u00e9s ivoiriennes en marge de la Conf\u00e9rence Annuelle 2016 du RIAFPI<\/h2>\n\n\n\n<p class=\"has-kubio-color-6-color has-text-color\">La deuxi\u00e8me journ\u00e9e de la Conf\u00e9rence Annuelle 2016 du RIAFPI a \u00e9t\u00e9 rythm\u00e9e par des audiences avec les autorit\u00e9s ivoiriennes. <\/p>\n\n\n\n<h3 class=\"wp-block-heading\">Rencontre avec SEM le Premier Ministre de la R\u00e9publique de C\u00f4te d&rsquo;Ivoire<\/h3>\n\n\n\n<p class=\"has-kubio-color-6-color has-text-color\">Les membres du RIAFPI ont \u00e9t\u00e9 re\u00e7us ce jour, vendredi 11 mars, par M. Amadou Gon Coulibaly, Ministre d&rsquo;Etat, Secr\u00e9taire G\u00e9n\u00e9ral \u00e0 la Pr\u00e9sidence de la R\u00e9publique de C\u00f4te d&rsquo;Ivoire. Au coeur des \u00e9changes, le r\u00f4le du R\u00e9seau dans la francophonie \u00e9conomique. Ainsi, \u00e0 l&rsquo;issue des \u00e9changes, il a \u00e9t\u00e9 pr\u00e9cis\u00e9 qu&rsquo;il est n\u00e9cessaire de coordonner les actions d&rsquo;attractions des investissements en direction de la zone francophone<\/p>\n\n\n\n<h3 class=\"wp-block-heading\">Rencontre avec le Ministre de la Culture et de la Francophonie de la R\u00e9publique de C\u00f4te d&rsquo;Ivoire.<\/h3>\n\n\n\n<p class=\"has-kubio-color-6-color has-text-color\">La d\u00e9l\u00e9gation a rencontr\u00e9 M. Maurice Kakou Bandama, Ministre de la Culture et de la Francophonie de la R\u00e9publique de C\u00f4te d&rsquo;Ivoire. Durant cette rencontre, il a \u00e9t\u00e9 fait mention de l&rsquo;importance de d\u00e9velopper les liens entre les APIs membres. <\/p>\n\n\n\n\n\n<p class=\"has-kubio-color-6-color has-text-color\">Ces diff\u00e9rentes rencontres prouvent que la francophonie \u00e9conomique est en marche. Les APIs ont un r\u00f4le important \u00e0 jouer dans le mise en mouvement de la francophonie \u00e9conomique. A cet effet, le RIAFPI se positionne comme un outil \u00ab\u00a0catalyseur\u00a0\u00bb pour donner vie \u00e0 la francophonie \u00e9conomique.<\/p>\n","protected":false},"excerpt":{"rendered":"<p>Le 11 mars 2016, la d\u00e9l\u00e9gation du RIAFPI a \u00e9t\u00e9 re\u00e7ue par les Autorit\u00e9s Ivoiriennes en marge de la Conf\u00e9rence Annuelle 2016. Retour sur les rencontres avec le Premier Ministre et le Ministre de la Culture et de la Francophonie de C\u00f4te d&rsquo;Ivoire. <\/p>\n","protected":false},"author":2,"featured_media":769,"comment_status":"closed","ping_status":"open","sticky":false,"template":"","format":"standard","meta":{"saved_in_kubio":false,"give_campaign_id":0,"ngg_post_thumbnail":0,"_jetpack_memberships_contains_paid_content":false,"footnotes":""},"categories":[6,8],"tags":[14,20,22,25,29],"class_list":["post-950","post","type-post","status-publish","format-standard","has-post-thumbnail","hentry","category-a-la-une","category-activites-de-visibilite-et-plaidoyer","tag-abidjan","tag-conference-annuelle","tag-conference-annuelle-riafpi-2016","tag-francophonie-economique","tag-riafpi"],"jetpack_featured_media_url":"https:\/\/riafpi.org\/wp-content\/uploads\/2023\/01\/conference-annuelle-du-riafpi-2016-rencontre-avec-sem-le-premier-ministre-de-la-republique-de-cote-divoire-1.jpeg","jetpack_sharing_enabled":true,"_links":{"self":[{"href":"https:\/\/riafpi.org\/index.php?rest_route=\/wp\/v2\/posts\/950","targetHints":{"allow":["GET"]}}],"collection":[{"href":"https:\/\/riafpi.org\/index.php?rest_route=\/wp\/v2\/posts"}],"about":[{"href":"https:\/\/riafpi.org\/index.php?rest_route=\/wp\/v2\/types\/post"}],"author":[{"embeddable":true,"href":"https:\/\/riafpi.org\/index.php?rest_route=\/wp\/v2\/users\/2"}],"replies":[{"embeddable":true,"href":"https:\/\/riafpi.org\/index.php?rest_route=%2Fwp%2Fv2%2Fcomments&post=950"}],"version-history":[{"count":2,"href":"https:\/\/riafpi.org\/index.php?rest_route=\/wp\/v2\/posts\/950\/revisions"}],"predecessor-version":[{"id":1742,"href":"https:\/\/riafpi.org\/index.php?rest_route=\/wp\/v2\/posts\/950\/revisions\/1742"}],"wp:featuredmedia":[{"embeddable":true,"href":"https:\/\/riafpi.org\/index.php?rest_route=\/wp\/v2\/media\/769"}],"wp:attachment":[{"href":"https:\/\/riafpi.org\/index.php?rest_route=%2Fwp%2Fv2%2Fmedia&parent=950"}],"wp:term":[{"taxonomy":"category","embeddable":true,"href":"https:\/\/riafpi.org\/index.php?rest_route=%2Fwp%2Fv2%2Fcategories&post=950"},{"taxonomy":"post_tag","embeddable":true,"href":"https:\/\/riafpi.org\/index.php?rest_route=%2Fwp%2Fv2%2Ftags&post=950"}],"curies":[{"name":"wp","href":"https:\/\/api.w.org\/{rel}","templated":true}]}}